{"id":7874,"date":"2025-12-04T14:10:35","date_gmt":"2025-12-04T13:10:35","guid":{"rendered":"https:\/\/judc-fr.ch\/2025\/12\/04\/exces-de-langage-scandaleux-le-conseil-federal-reprend-le-nom-utilise-par-les-lobbyistes-de-lue-a-des-fins-de-propagande\/"},"modified":"2025-12-04T14:10:35","modified_gmt":"2025-12-04T13:10:35","slug":"exces-de-langage-scandaleux-le-conseil-federal-reprend-le-nom-utilise-par-les-lobbyistes-de-lue-a-des-fins-de-propagande","status":"publish","type":"post","link":"https:\/\/judc-fr.ch\/de\/2025\/12\/04\/exces-de-langage-scandaleux-le-conseil-federal-reprend-le-nom-utilise-par-les-lobbyistes-de-lue-a-des-fins-de-propagande\/","title":{"rendered":"Skandal\u00f6se Wortwahl: Der Bundesrat \u00fcbernimmt den von EU-Lobbyisten zu Propagandazwecken verwendeten Namen"},"content":{"rendered":"<p><strong>Das ist der n\u00e4chste Schritt der Euro-Turbos: <\/strong>Das Abkommen mit der EU soll in \u00abBilaterale III\u00bb umbenannt werden. Der Bundesrat \u00fcbernimmt offiziell den von Economiesuisse verwendeten Namen, wie die deutschsprachige Zeitung <a href=\"https:\/\/www.nebelspalter.ch\/themen\/2025\/11\/bundeshaus-insider-zu-den-rahmenvertraegen-bundesrat-tauft-die-rahmenvertraege-in-bilaterale-um\" target=\"_blank\" rel=\"noopener\">Nebelspalter<\/a>.<\/p>\n<p>Der Bundesrat muss bestimmte Grunds\u00e4tze einhalten, wie beispielsweise den der Konkordanz. Alle politischen Richtungen, von links bis rechts, sind darin vertreten. Die Konkordanz bedeutet auch, dass die einzelnen Bundesr\u00e4te, aber auch das gesamte Kollegium, <strong>eine gewisse Zur\u00fcckhaltung walten lassen<\/strong>. Die Tatsache, dass die Mitte-Links-Mehrheit im Bundesrat einseitig einen umstrittenen politischen Begriff einf\u00fchrt, stellt einen schwerwiegenden Verstoss gegen die Konkordanz dar. Offenbar sind den EU-Bef\u00fcrwortern alle Mittel recht: Sie bedienen sich L\u00fcgen und versuchen so, die direkte Demokratie auszuhebeln.<\/p>\n<p>Dieser Mitte-Links-Bundesrat l\u00e4sst sich bewusst von Lobbyisten beeinflussen. Das ist ein Vorgeschmack darauf, wie Politik in der EU gemacht wird. In Br\u00fcssel haben Beamte und Lobbyisten die Macht, nicht die B\u00fcrger, wie es bei uns der Fall ist: <strong>In Br\u00fcssel sind etwa 30.000 Lobbyisten t\u00e4tig. <\/strong><\/p>\n<p><strong>Sie versuchen, die Schweizer Bev\u00f6lkerung zu t\u00e4uschen.<\/strong><\/p>\n<p>Der Begriff \u00abBilaterale III\u00bb ist eine schamlose T\u00e4uschung. Man tut so, als sei das mit der EU geplante Abkommenpaket die logische Fortsetzung der bilateralen Abkommen. Das Gegenteil ist der Fall: <strong>Das Unterwerfungsabkommen, ein echter EU-Beitrittsvertrag, markiert das Ende des bilateralen Wegs. <\/strong><strong>\u00a0<\/strong><\/p>\n<p>Bilaterale Abkommen sind Vereinbarungen zwischen gleichberechtigten Partnern, die sich gegenseitig respektieren. Das aktuelle Abkommenpaket ist jedoch ein institutionelles Abkommen: Es handelt sich um die rechtliche und institutionelle Unterordnung der Schweiz unter die EU. Das europ\u00e4ische Recht hat Vorrang vor dem Schweizer Recht. Die Schweiz muss das europ\u00e4ische Recht automatisch \u00fcbernehmen. Der Gerichtshof der EU hat das letzte Wort \u2013 und wenn sich die Schweiz nicht f\u00fcgsam unterwirft, ist die EU durch den Vertrag, den wir unterzeichnen sollen, legitimiert, unser Land zu sanktionieren.<\/p>\n<p><strong>Mit dem Begriff \u00abBilaterale III\u00bb versuchen die Strategen der EU bewusst, die Schweizer Bev\u00f6lkerung zu t\u00e4uschen. <\/strong><\/p>\n<p>Die Bef\u00fcrworter der EU verfolgen ein klares Ziel: Sie wollen die Schweizer Bev\u00f6lkerung t\u00e4uschen und damit die direkte Demokratie abschaffen.<\/p>\n<p>Die SVP Schweiz wird diesen EU-Beitrittsvertrag mit allen Mitteln bek\u00e4mpfen. <strong>Damit nicht ausl\u00e4ndische Richter, B\u00fcrokraten und EU-Lobbyisten an unserer Stelle entscheiden<\/strong>, sondern wir, die Schweizer und Schweizerinnen.<\/p>","protected":false},"excerpt":{"rendered":"<p>C\u2019est le prochain pas des euro-turbos : le paquet d\u2019accords avec l\u2019UE devrait \u00eatre rebaptis\u00e9 \u00ab\u00a0Bilat\u00e9rales III\u00a0\u00bb. Le Conseil f\u00e9d\u00e9ral reprend officiellement le nom utilis\u00e9 par l\u2019association \u00e9conomique Economiesuisse, comme l\u2019a r\u00e9v\u00e9l\u00e9 le journal al\u00e9manique Nebelspalter. Le Conseil f\u00e9d\u00e9ral doit [&hellip;]<\/p>\n","protected":false},"author":1,"featured_media":0,"comment_status":"","ping_status":"","sticky":false,"template":"","format":"standard","meta":{"footnotes":""},"categories":[60],"tags":[],"class_list":["post-7874","post","type-post","status-publish","format-standard","hentry","category-non-classifiee"],"_links":{"self":[{"href":"https:\/\/judc-fr.ch\/de\/wp-json\/wp\/v2\/posts\/7874","targetHints":{"allow":["GET"]}}],"collection":[{"href":"https:\/\/judc-fr.ch\/de\/wp-json\/wp\/v2\/posts"}],"about":[{"href":"https:\/\/judc-fr.ch\/de\/wp-json\/wp\/v2\/types\/post"}],"author":[{"embeddable":true,"href":"https:\/\/judc-fr.ch\/de\/wp-json\/wp\/v2\/users\/1"}],"replies":[{"embeddable":true,"href":"https:\/\/judc-fr.ch\/de\/wp-json\/wp\/v2\/comments?post=7874"}],"version-history":[{"count":0,"href":"https:\/\/judc-fr.ch\/de\/wp-json\/wp\/v2\/posts\/7874\/revisions"}],"wp:attachment":[{"href":"https:\/\/judc-fr.ch\/de\/wp-json\/wp\/v2\/media?parent=7874"}],"wp:term":[{"taxonomy":"category","embeddable":true,"href":"https:\/\/judc-fr.ch\/de\/wp-json\/wp\/v2\/categories?post=7874"},{"taxonomy":"post_tag","embeddable":true,"href":"https:\/\/judc-fr.ch\/de\/wp-json\/wp\/v2\/tags?post=7874"}],"curies":[{"name":"wp","href":"https:\/\/api.w.org\/{rel}","templated":true}]}}