{"id":7873,"date":"2025-12-02T16:59:04","date_gmt":"2025-12-02T15:59:04","guid":{"rendered":"https:\/\/judc-fr.ch\/2025\/12\/02\/il-sagit-dune-question-cruciale-une-initiative-ecologiste-veut-imposer-le-regime-vegetarien-a-la-population-suisse\/"},"modified":"2025-12-02T16:59:04","modified_gmt":"2025-12-02T15:59:04","slug":"il-sagit-dune-question-cruciale-une-initiative-ecologiste-veut-imposer-le-regime-vegetarien-a-la-population-suisse","status":"publish","type":"post","link":"https:\/\/judc-fr.ch\/de\/2025\/12\/02\/il-sagit-dune-question-cruciale-une-initiative-ecologiste-veut-imposer-le-regime-vegetarien-a-la-population-suisse\/","title":{"rendered":"Es handelt sich um eine entscheidende Frage: Eine Umweltinitiative will der Schweizer Bev\u00f6lkerung eine vegetarische Ern\u00e4hrung vorschreiben."},"content":{"rendered":"<p>Die SVP-Fraktion lehnt die Lebensmittelinitiative ab (<a href=\"https:\/\/www.parlament.ch\/en\/ratsbetrieb\/suche-curia-vista\/geschaeft?AffairId=20250067\" target=\"_blank\" rel=\"noopener\">25.067<\/a>), die vorgibt, den Selbstversorgungsgrad der Schweiz mit Lebensmitteln auf 70% erh\u00f6hen zu wollen, w\u00e4hrend die Initianten in Wirklichkeit den Anteil \u00abpflanzlicher Lebensmittel\u00bb erh\u00f6hen m\u00f6chten. Das bedeutet konkret, dass die <strong>Der Fleischkonsum muss eingeschr\u00e4nkt werden.<\/strong> und dass die Bev\u00f6lkerung sich vegetarisch ern\u00e4hren soll. Die SVP lehnt diese gr\u00fcne Bevormundung der Schweizer Bev\u00f6lkerung ab. Fast jedes Jahr lanciert die \u00f6ko-extremistische Linke eine neue Initiative gegen die Landwirtschaft; dieser Bevormundung der Schweizer Landwirtschaft muss endlich ein Ende gesetzt werden.<\/p>\n<p><strong>Anti-Feuerwerks-Fundamentalisten bedrohen die Feierlichkeiten zum 1.<sup>er<\/sup> August<\/strong><\/p>\n<p>Die Schweiz braucht kein nationales Feuerwerksverbot in der Bundesverfassung. Dieses Verbot ist v\u00f6llig \u00fcbertrieben und <strong>respektiert unsere Traditionen und Freiheiten nicht<\/strong>. Vor allem aber handelt es sich um einen anmassenden Eingriff in die Autonomie unserer Gemeinden und Kantone. Die Gemeinden und Kantone verf\u00fcgen bereits heute \u00fcber wirksame Instrumente, um Feuerwerke bei Bedarf einzuschr\u00e4nken, beispielsweise aufgrund von Brandgefahr oder aus Tierschutzgr\u00fcnden. Der Gegenvorschlag w\u00fcrde lediglich neue Verbote und b\u00fcrokratische H\u00fcrden schaffen. Die Schweiz braucht nicht noch mehr Regulierung in allen Bereichen. Die SVP-Fraktion lehnt sowohl die Feuerwerksinitiative als auch den Gegenvorschlag ab (<a href=\"https:\/\/www.parlament.ch\/en\/ratsbetrieb\/suche-curia-vista\/geschaeft?AffairId=20240080\" target=\"_blank\" rel=\"noopener\">24.080<\/a> und <a href=\"https:\/\/www.parlament.ch\/en\/ratsbetrieb\/suche-curia-vista\/geschaeft?AffairId=20250402\" target=\"_blank\" rel=\"noopener\">25.402<\/a>).<\/p>\n<p><strong>Erdbebenversicherung: teuer und \u00fcbertrieben<\/strong><\/p>\n<p>Die SVP-Fraktion lehnt die Schaffung einer nationalen Erdbebenversicherung ab (<a href=\"https:\/\/www.parlament.ch\/en\/ratsbetrieb\/suche-curia-vista\/geschaeft?AffairId=20240095\" target=\"_blank\" rel=\"noopener\">24.095<\/a>Im Schadensfall will der Bundesrat alle Immobilienbesitzer zur Zahlung eines obligatorischen \u00abSolidarit\u00e4tsbeitrags\u00bb verpflichten. Was hier euphemistisch als \u00abSolidarit\u00e4tsbeitrag\u00bb bezeichnet wird, ist in Wirklichkeit eine obligatorische Steuer. Dies w\u00fcrde bedeuten, dass die bew\u00e4hrte Kompetenzverteilung zwischen den Kantonen au\u00dfer Kraft gesetzt w\u00fcrde. Dar\u00fcber hinaus k\u00f6nnen sich Eigent\u00fcmer freiwillig versichern, sodass es nicht notwendig ist, <strong>auf eine verbindliche nationale L\u00f6sung zur\u00fcckgreifen<\/strong>. Die vom Bundesrat vorgeschlagene Solidarhaftung schafft einen gef\u00e4hrlichen Pr\u00e4zedenzfall: Anstatt den Grundsatz der Eigenverantwortung zu respektieren, sollen kostspielige staatliche Instrumente geschaffen werden. Dies w\u00fcrde auch <strong>den Weg f\u00fcr ungedeckte Risiken<\/strong> ohne klare Kostenbegrenzung. Die SVP-Fraktion beantragt, auf die Vorlage nicht einzutreten, und lehnt den Bundesbeschluss ab.<\/p>","protected":false},"excerpt":{"rendered":"<p>Le groupe UDC rejette l\u2019initiative alimentaire (25.067), qui pr\u00e9tend vouloir augmenter le taux d\u2019autosuffisance alimentaire de la Suisse \u00e0 70% alors qu\u2019en r\u00e9alit\u00e9, les initiants souhaitent augmenter la part des \u00ab aliments v\u00e9g\u00e9taux \u00bb. En clair, cela signifie que la [&hellip;]<\/p>\n","protected":false},"author":1,"featured_media":0,"comment_status":"","ping_status":"","sticky":false,"template":"","format":"standard","meta":{"footnotes":""},"categories":[60],"tags":[],"class_list":["post-7873","post","type-post","status-publish","format-standard","hentry","category-non-classifiee"],"_links":{"self":[{"href":"https:\/\/judc-fr.ch\/de\/wp-json\/wp\/v2\/posts\/7873","targetHints":{"allow":["GET"]}}],"collection":[{"href":"https:\/\/judc-fr.ch\/de\/wp-json\/wp\/v2\/posts"}],"about":[{"href":"https:\/\/judc-fr.ch\/de\/wp-json\/wp\/v2\/types\/post"}],"author":[{"embeddable":true,"href":"https:\/\/judc-fr.ch\/de\/wp-json\/wp\/v2\/users\/1"}],"replies":[{"embeddable":true,"href":"https:\/\/judc-fr.ch\/de\/wp-json\/wp\/v2\/comments?post=7873"}],"version-history":[{"count":0,"href":"https:\/\/judc-fr.ch\/de\/wp-json\/wp\/v2\/posts\/7873\/revisions"}],"wp:attachment":[{"href":"https:\/\/judc-fr.ch\/de\/wp-json\/wp\/v2\/media?parent=7873"}],"wp:term":[{"taxonomy":"category","embeddable":true,"href":"https:\/\/judc-fr.ch\/de\/wp-json\/wp\/v2\/categories?post=7873"},{"taxonomy":"post_tag","embeddable":true,"href":"https:\/\/judc-fr.ch\/de\/wp-json\/wp\/v2\/tags?post=7873"}],"curies":[{"name":"wp","href":"https:\/\/api.w.org\/{rel}","templated":true}]}}