{"id":7872,"date":"2025-12-01T11:58:25","date_gmt":"2025-12-01T10:58:25","guid":{"rendered":"https:\/\/judc-fr.ch\/2025\/12\/01\/pour-garantir-la-durabilite-il-faut-controler-limmigration\/"},"modified":"2025-12-01T11:58:25","modified_gmt":"2025-12-01T10:58:25","slug":"pour-garantir-la-durabilite-il-faut-controler-limmigration","status":"publish","type":"post","link":"https:\/\/judc-fr.ch\/de\/2025\/12\/01\/pour-garantir-la-durabilite-il-faut-controler-limmigration\/","title":{"rendered":"Um Nachhaltigkeit zu gew\u00e4hrleisten, muss die Einwanderung kontrolliert werden"},"content":{"rendered":"<p>Ohne klare Begrenzung der Zuwanderung verliert die Schweiz die Kontrolle \u00fcber wesentliche Lebensbereiche. Die st\u00e4ndige Wohnbev\u00f6lkerung z\u00e4hlt derzeit \u00fcber 9 Millionen Menschen. 1990 waren es noch knapp 6,9 Millionen. Bis 2035 k\u00f6nnte sie auf \u00fcber 10 Millionen anwachsen. Mehr Menschen bedeuten mehr Verkehr, mehr Energieverbrauch und mehr Druck auf die Infrastruktur. Die Volksinitiative \u00abKeine 10-Millionen-Schweiz! (Nachhaltigkeitsinitiative)\u00bb will der Schweiz erm\u00f6glichen, die Kontrolle \u00fcber ihre Bev\u00f6lkerungsentwicklung zur\u00fcckzugewinnen. Die st\u00e4ndige Wohnbev\u00f6lkerung soll bis 2050 nicht mehr als 10 Millionen Menschen umfassen.<\/p>\n<p><strong>Das Bev\u00f6lkerungswachstum l\u00e4sst den Energieverbrauch steigen<\/strong><\/p>\n<p>Derzeit betr\u00e4gt der Gesamtenergieverbrauch in der Schweiz etwa 214 TWh pro Jahr, davon etwa 57 TWh Strom. Zum Vergleich: Die Schweizer Kernkraftwerke produzieren etwa 23,3 TWh pro Jahr. Mehr als die H\u00e4lfte der von uns verbrauchten Energie stammt aus Brennstoffen, also aus Erd\u00f6l und Erdgas. Obwohl der Pro-Kopf-Verbrauch seit 1990 um 15% zur\u00fcckgegangen ist, ist der Gesamtverbrauch aufgrund des Bev\u00f6lkerungswachstums um 9% gestiegen. Der gleiche Trend ist beim Strom zu beobachten. Der Pro-Kopf-Verbrauch ist leicht zur\u00fcckgegangen, aber der Gesamtverbrauch ist dennoch deutlich gestiegen. Das bedeutet, dass die Schweiz zwar grosse Fortschritte bei der Energieeffizienz gemacht hat, aber die \u00fcberm\u00e4ssige Einwanderung alle erzielten Einsparungen zunichte macht.<\/p>\n<p><strong>Stromknappheit<\/strong><\/p>\n<p>Sch\u00e4tzungen zufolge d\u00fcrfte der Strombedarf von derzeit 57 TWh pro Jahr bis 2050 auf 75 TWh steigen. Der Ausstieg aus der Kernenergie, der zus\u00e4tzliche Verbrauch aufgrund der Masseneinwanderung und die Verluste im Bereich der Wasserkraft werden zu einer massiven Verknappung f\u00fchren, zumal das Entwicklungspotenzial der Wasserkraft begrenzt ist und Sonnenkollektoren und Windkraftanlagen nur unzuverl\u00e4ssige, intermittierende Energie liefern.<\/p>\n<p><strong>Einwanderung erh\u00f6ht die CO\u2082-Emissionen<sub>2<\/sub><\/strong><\/p>\n<p>Die CO<sub>2<\/sub> pro Kopf sind in den letzten Jahren zwar deutlich zur\u00fcckgegangen. Seit 1990 leben jedoch 2,1 Millionen Menschen mehr in der Schweiz, Menschen, die Auto fahren, heizen, konsumieren usw. Die Gesamtemissionen sinken nur geringf\u00fcgig, da auch hier die Masseneinwanderung den Fortschritt behindert.<\/p>\n<p><strong>Das Bev\u00f6lkerungswachstum zerst\u00f6rt Naturr\u00e4ume<\/strong><\/p>\n<p>Die \u00fcberm\u00e4\u00dfige Einwanderung ist auch die Ursache f\u00fcr die Versiegelung unserer Natur. Von 1997 bis 2018 stieg die versiegelte Fl\u00e4che um fast 21% von etwa 1.700 km\u00b2 auf<sup>2<\/sup> mehr als 2.000 km<sup>2<\/sup>, was der Fl\u00e4che der Kantone Z\u00fcrich und Nidwalden entspricht. Allein zwischen 2009 und 2018 wurden 159 km<sup>2<\/sup> Gr\u00fcnfl\u00e4chen sind verschwunden, was einer Versiegelung von rund 2\u2019000 m\u00b2 entspricht.<sup>2<\/sup> pro Stunde.<\/p>\n<p><strong>Landwirtschaft unter Druck<\/strong><\/p>\n<p>Aufgrund des Siedlungsdrucks hat die landwirtschaftliche Nutzfl\u00e4che in der Schweiz um 1\u2019143 km\u00b2 abgenommen.<sup>2<\/sup>, d. h. 7%, zwischen 1985 und 2018, und die Nutzfl\u00e4che pro Einwohner ging zwischen 2000 und 2024 um fast ein Viertel zur\u00fcck. Steigende Grundst\u00fcckspreise und Energiekosten f\u00fchren dazu, dass immer mehr kleine landwirtschaftliche Betriebe schlie\u00dfen m\u00fcssen.<\/p>\n<p><strong>Fazit<\/strong><\/p>\n<p>Das unkontrollierte Bev\u00f6lkerungswachstum droht die Schweiz strukturell zu \u00fcberlasten. Nur die Volksinitiative \u00abKeine 10-Millionen-Schweiz! (Nachhaltigkeitsinitiative)\u00bb kann die St\u00e4rkung der Versorgungssicherheit und den Schutz von Umwelt und Landschaft gew\u00e4hrleisten. Ohne klare Leitlinien verliert die Schweiz ihre Stabilit\u00e4t und Lebensqualit\u00e4t. Genau hier setzt die Nachhaltigkeitsinitiative an, indem sie verhindert, dass die Kosten der \u00dcberlastung auf k\u00fcnftige Generationen abgew\u00e4lzt werden. Aus diesen Gr\u00fcnden fordere ich Sie ausdr\u00fccklich auf, die Volksinitiative \u00abKeine 10-Millionen-Schweiz! (Nachhaltigkeitsinitiative)\u00bb zu unterst\u00fctzen unter <a href=\"https:\/\/initiativedurabilite.ch\/\" target=\"_blank\" rel=\"noopener\">initiativedurabilite.ch\/<\/a><\/p>","protected":false},"excerpt":{"rendered":"<p>Sans limitation claire de l\u2019immigration, la Suisse perdra le contr\u00f4le sur des domaines essentiels de la vie. La population r\u00e9sidente permanente compte actuellement plus de 9 millions de personnes. En 1990, elle \u00e9tait encore d\u2019\u00e0 peine 6.9 millions. D\u2019ici 2035, [&hellip;]<\/p>\n","protected":false},"author":1,"featured_media":0,"comment_status":"","ping_status":"","sticky":false,"template":"","format":"standard","meta":{"footnotes":""},"categories":[60],"tags":[],"class_list":["post-7872","post","type-post","status-publish","format-standard","hentry","category-non-classifiee"],"_links":{"self":[{"href":"https:\/\/judc-fr.ch\/de\/wp-json\/wp\/v2\/posts\/7872","targetHints":{"allow":["GET"]}}],"collection":[{"href":"https:\/\/judc-fr.ch\/de\/wp-json\/wp\/v2\/posts"}],"about":[{"href":"https:\/\/judc-fr.ch\/de\/wp-json\/wp\/v2\/types\/post"}],"author":[{"embeddable":true,"href":"https:\/\/judc-fr.ch\/de\/wp-json\/wp\/v2\/users\/1"}],"replies":[{"embeddable":true,"href":"https:\/\/judc-fr.ch\/de\/wp-json\/wp\/v2\/comments?post=7872"}],"version-history":[{"count":0,"href":"https:\/\/judc-fr.ch\/de\/wp-json\/wp\/v2\/posts\/7872\/revisions"}],"wp:attachment":[{"href":"https:\/\/judc-fr.ch\/de\/wp-json\/wp\/v2\/media?parent=7872"}],"wp:term":[{"taxonomy":"category","embeddable":true,"href":"https:\/\/judc-fr.ch\/de\/wp-json\/wp\/v2\/categories?post=7872"},{"taxonomy":"post_tag","embeddable":true,"href":"https:\/\/judc-fr.ch\/de\/wp-json\/wp\/v2\/tags?post=7872"}],"curies":[{"name":"wp","href":"https:\/\/api.w.org\/{rel}","templated":true}]}}