{"id":7871,"date":"2025-11-30T15:22:08","date_gmt":"2025-11-30T14:22:08","guid":{"rendered":"https:\/\/judc-fr.ch\/2025\/11\/30\/une-gifle-democratique-pour-la-jeunesse-socialiste-de-gauche-radicale\/"},"modified":"2025-11-30T15:22:08","modified_gmt":"2025-11-30T14:22:08","slug":"une-gifle-democratique-pour-la-jeunesse-socialiste-de-gauche-radicale","status":"publish","type":"post","link":"https:\/\/judc-fr.ch\/de\/2025\/11\/30\/une-gifle-democratique-pour-la-jeunesse-socialiste-de-gauche-radicale\/","title":{"rendered":"Ein demokratischer Schlag ins Gesicht f\u00fcr die radikal-linke Sozialistische Jugend"},"content":{"rendered":"<p>Die SVP freut sich \u00fcber die klare Ablehnung der radikalen Initiative der Jungsozialisten durch das Schweizer Volk, die Personen und Unternehmen enteignen und die Grundlagen unserer demokratischen Ordnung zerst\u00f6ren wollten. Nur wenn das Eigentum respektiert wird, investieren Unternehmen und werden Arbeitspl\u00e4tze geschaffen. Nur wenn das Eigentum respektiert wird, kann eine Gesellschaft in Freiheit und Wohlstand leben. Der Sozialismus, wie ihn die Jungsozialisten und ein grosser Teil der SP verstehen, ist ein K\u00f6nigsweg in die Armut und zu autorit\u00e4ren, um nicht zu sagen diktatorischen Verh\u00e4ltnissen. Daf\u00fcr gibt es gen\u00fcgend historische und aktuelle Beispiele wie die DDR, Nordkorea oder Venezuela.<\/p>\n<p>Die Reichen vertreiben und Fl\u00fcchtlinge aufnehmen: Nach dieser Logik verfolgt die Linke eine schweizerfeindliche Politik. Die Jungsozialisten wollen Unternehmen und Reiche vertreiben, w\u00e4hrend der sozialistische Bundesrat Beat Jans Zehntausende von Kriminellen und asylsuchenden Profiteuren ins Land l\u00e4sst. Wir m\u00fcssen dieser f\u00fcr die Schweiz schlichtweg sch\u00e4dlichen Politik ein Ende setzen. Heute hat das Schweizer Volk den Jungsozialisten eine demokratische Ohrfeige verpasst. Die SVP hat zudem die Grenzwache-Initiative eingereicht, um das Chaos im Asylbereich zu bek\u00e4mpfen, denn auch Beat Jans braucht eine klare Botschaft vom Schweizer Souver\u00e4n.<\/p>\n<p><strong>Ein klares \u00abNEIN\u00bb zur Initiative \u00abB\u00fcrgerdienst\u00bb<\/strong><\/p>\n<p>Das zweite \u00abNein\u00bb des Tages ist ebenfalls eine klare Botschaft: Die Schweizer Bev\u00f6lkerung unterst\u00fctzt die Armee. Sie will die Wehrpflicht nicht durch einen Pseudob\u00fcrgerservice schw\u00e4chen. Die Initiative h\u00e4tte das Gegenteil dessen bewirkt, was sie vordergr\u00fcndig versprach, denn dieser obligatorische Dienst h\u00e4tte unser bew\u00e4hrtes Milizsystem geschw\u00e4cht und die Wehrpflicht ausgeh\u00f6hlt.<\/p>\n<p>Die Schweizer Armee garantiert die Sicherheit unserer Bev\u00f6lkerung und unseres Landes. Dazu ben\u00f6tigt sie zuverl\u00e4ssige Armeeangeh\u00f6rige. Die Wehrpflicht ist ein verfassungsm\u00e4ssiger Auftrag; Artikel 59 der Bundesverfassung ist in diesem Sinne sehr klar: \u00abJeder Schweizer B\u00fcrger hat Dienstpflicht in der Armee. Das Gesetz sieht einen zivilen Ersatzdienst vor. \u00bb Dieser Grundsatz hat unser Land stark und sicher gemacht. Die Initiative \u00abB\u00fcrgerdienst\u00bb wollte diesen klaren Auftrag schw\u00e4chen. Wenn neben dem Milit\u00e4rdienst jede beliebige soziale T\u00e4tigkeit m\u00f6glich ist, wird die Armee ihres Wesens beraubt. Wer einen gemeinn\u00fctzigen Dienst leisten m\u00f6chte, kann dies ohne staatliche Anleitung oder Intervention tun, sei es in einem Verein oder durch privates Engagement.<\/p>","protected":false},"excerpt":{"rendered":"<p>L\u2019UDC se r\u00e9jouit du rejet clair par le peuple suisse de l\u2019initiative radicale des Jeunes socialistes, qui voulaient exproprier les personnes et les entreprises et d\u00e9truire les fondements de notre ordre d\u00e9mocratique. Ce n\u2019est que lorsque la propri\u00e9t\u00e9 est respect\u00e9e [&hellip;]<\/p>\n","protected":false},"author":1,"featured_media":0,"comment_status":"","ping_status":"","sticky":false,"template":"","format":"standard","meta":{"footnotes":""},"categories":[60],"tags":[],"class_list":["post-7871","post","type-post","status-publish","format-standard","hentry","category-non-classifiee"],"_links":{"self":[{"href":"https:\/\/judc-fr.ch\/de\/wp-json\/wp\/v2\/posts\/7871","targetHints":{"allow":["GET"]}}],"collection":[{"href":"https:\/\/judc-fr.ch\/de\/wp-json\/wp\/v2\/posts"}],"about":[{"href":"https:\/\/judc-fr.ch\/de\/wp-json\/wp\/v2\/types\/post"}],"author":[{"embeddable":true,"href":"https:\/\/judc-fr.ch\/de\/wp-json\/wp\/v2\/users\/1"}],"replies":[{"embeddable":true,"href":"https:\/\/judc-fr.ch\/de\/wp-json\/wp\/v2\/comments?post=7871"}],"version-history":[{"count":0,"href":"https:\/\/judc-fr.ch\/de\/wp-json\/wp\/v2\/posts\/7871\/revisions"}],"wp:attachment":[{"href":"https:\/\/judc-fr.ch\/de\/wp-json\/wp\/v2\/media?parent=7871"}],"wp:term":[{"taxonomy":"category","embeddable":true,"href":"https:\/\/judc-fr.ch\/de\/wp-json\/wp\/v2\/categories?post=7871"},{"taxonomy":"post_tag","embeddable":true,"href":"https:\/\/judc-fr.ch\/de\/wp-json\/wp\/v2\/tags?post=7871"}],"curies":[{"name":"wp","href":"https:\/\/api.w.org\/{rel}","templated":true}]}}