{"id":7870,"date":"2025-11-28T16:12:36","date_gmt":"2025-11-28T15:12:36","guid":{"rendered":"https:\/\/judc-fr.ch\/2025\/11\/28\/initiative-pour-la-durabilite-les-contes-a-la-chair-de-poule-des-opposants\/"},"modified":"2025-11-28T16:12:36","modified_gmt":"2025-11-28T15:12:36","slug":"initiative-pour-la-durabilite-les-contes-a-la-chair-de-poule-des-opposants","status":"publish","type":"post","link":"https:\/\/judc-fr.ch\/de\/2025\/11\/28\/initiative-pour-la-durabilite-les-contes-a-la-chair-de-poule-des-opposants\/","title":{"rendered":"Initiative f\u00fcr Nachhaltigkeit: Gruselgeschichten der Gegner"},"content":{"rendered":"<p>Die Masseneinwanderung ersch\u00fcttert unser Land \u2013 das ist unbestreitbar. Seit langem wird unsere Bev\u00f6lkerung von einem Gef\u00fchl des Unbehagens heimgesucht. Tats\u00e4chlich ist die <strong>die meisten Probleme<\/strong> unter dem unser Land leidet <strong>stehen im Zusammenhang mit unkontrollierter Einwanderung<\/strong>.<\/p>\n<p>Das ist einer der Gr\u00fcnde, warum die Gegner versuchen, die Volksinitiative der SVP \u00abKeine 10-Millionen-Schweiz! (Nachhaltigkeitsinitiative)\u00bb zu verunglimpfen. Die FDP verwendet den provokativen Slogan \u00abChaos-Initiative\u00bb, um eine vern\u00fcnftige Begrenzung der Masseneinwanderung zu verhindern. Dabei ist es gerade die ungebremste Einwanderung von Hunderttausenden, ja sogar Millionen zus\u00e4tzlicher Menschen, die die Schweiz ins Chaos st\u00fcrzt. <strong>Initiative ist das Gegenteil von Chaos.,<\/strong> da sie genau darauf abzielt, dies zu verhindern.<\/p>\n<p>Ein weiterer k\u00e4mpferischer Slogan, der gegen unsere Sache verwendet wird, ist der Ausdruck \u00abK\u00fcndigungsinitiative\u00bb, der den B\u00fcrgern Angst einjagen soll, dass die Schweiz die Personenfreiz\u00fcgigkeit mit der EU k\u00fcndigen muss. In Wirklichkeit wird nichts dergleichen geschehen, wenn der Bundesrat und das Parlament <strong>wirksame Ma\u00dfnahmen nach \u00dcberschreiten der Grenze von 9,5 Millionen<\/strong>. Dies betrifft vor allem <strong>Asylwesen und Familienzusammenf\u00fchrung<\/strong>. Nur wenn die st\u00e4ndige Wohnbev\u00f6lkerung bis 2050 in zwei aufeinanderfolgenden Jahren die 10-Millionen-Marke \u00fcberschreitet, muss der Bundesrat gem\u00e4ss Verfassung die Notbremse ziehen und die Personenfreiz\u00fcgigkeit k\u00fcndigen \u2013 und dies nur, wenn die EU der Schweiz keine Zugest\u00e4ndnisse macht.<\/p>\n<p><strong>Der gr\u00fcnliberale Nationalrat Patrick H\u00e4ssig hat den Vogel abgeschossen; <\/strong>In der Zeitung \u00abBlick\u00bb bezeichnete er die Initiative der SVP als \u00abt\u00f6dlich\u00bb. Er behauptet, dass die Einwanderungskontrolle unser Gesundheitssystem so stark beeintr\u00e4chtigen w\u00fcrde, dass es zu Todesf\u00e4llen k\u00e4me. Nach der Logik von Patrick H\u00e4ssig h\u00e4tten die rund 170 L\u00e4nder, in denen es keine Personenfreiz\u00fcgigkeit gibt, also mehr Todesf\u00e4lle zu beklagen.<\/p>\n<p>In Wirklichkeit hat die Personenfreiz\u00fcgigkeit die \u00f6ffentliche Gesundheit in der Schweiz in keiner Weise verbessert. Im Gegenteil, die <strong>Die Krankenkassenbeitr\u00e4ge sind regelrecht explodiert.<\/strong>. Selbst nach Annahme der Initiative und ohne Personenfreiz\u00fcgigkeit k\u00f6nnen wir <strong>alle ben\u00f6tigten Fachkr\u00e4fte im Gesundheitswesen einstellen<\/strong> und zwar weltweit, nicht nur in der EU.<\/p>\n<p>Gab es vor 2002, also vor der Einf\u00fchrung der Personenfreiz\u00fcgigkeit innerhalb der EU, deutlich mehr Todesf\u00e4lle in der Schweiz? War die Gesundheitsversorgung damals schlechter? Absolut nicht. Im Gegenteil: Damals gab es noch nicht das Problem, dass immer mehr medizinisches Personal aus dem Ausland ben\u00f6tigt wurde, um eine st\u00e4ndig wachsende Zahl von Einwanderern zu versorgen.<\/p>\n<p>Diese alarmistischen \u00c4u\u00dferungen und Morddrohungen zeigen vor allem eines: <strong>Die Gegner haben keine stichhaltigen und konkreten Argumente gegen die Nachhaltigkeitsinitiative.<\/strong><\/p>","protected":false},"excerpt":{"rendered":"<p>L\u2019immigration de masse bouleverse notre pays \u2013 cela est ind\u00e9niable. Depuis longtemps, notre population est envahie par un sentiment de malaise. En effet, la grande majorit\u00e9 des probl\u00e8mes dont souffre notre pays sont li\u00e9s \u00e0 l\u2019immigration incontr\u00f4l\u00e9e. C\u2019est une des [&hellip;]<\/p>\n","protected":false},"author":1,"featured_media":0,"comment_status":"","ping_status":"","sticky":false,"template":"","format":"standard","meta":{"footnotes":""},"categories":[60],"tags":[],"class_list":["post-7870","post","type-post","status-publish","format-standard","hentry","category-non-classifiee"],"_links":{"self":[{"href":"https:\/\/judc-fr.ch\/de\/wp-json\/wp\/v2\/posts\/7870","targetHints":{"allow":["GET"]}}],"collection":[{"href":"https:\/\/judc-fr.ch\/de\/wp-json\/wp\/v2\/posts"}],"about":[{"href":"https:\/\/judc-fr.ch\/de\/wp-json\/wp\/v2\/types\/post"}],"author":[{"embeddable":true,"href":"https:\/\/judc-fr.ch\/de\/wp-json\/wp\/v2\/users\/1"}],"replies":[{"embeddable":true,"href":"https:\/\/judc-fr.ch\/de\/wp-json\/wp\/v2\/comments?post=7870"}],"version-history":[{"count":0,"href":"https:\/\/judc-fr.ch\/de\/wp-json\/wp\/v2\/posts\/7870\/revisions"}],"wp:attachment":[{"href":"https:\/\/judc-fr.ch\/de\/wp-json\/wp\/v2\/media?parent=7870"}],"wp:term":[{"taxonomy":"category","embeddable":true,"href":"https:\/\/judc-fr.ch\/de\/wp-json\/wp\/v2\/categories?post=7870"},{"taxonomy":"post_tag","embeddable":true,"href":"https:\/\/judc-fr.ch\/de\/wp-json\/wp\/v2\/tags?post=7870"}],"curies":[{"name":"wp","href":"https:\/\/api.w.org\/{rel}","templated":true}]}}