{"id":7869,"date":"2025-11-26T09:31:58","date_gmt":"2025-11-26T08:31:58","guid":{"rendered":"https:\/\/judc-fr.ch\/2025\/11\/26\/non-a-linitiative-service-citoyen-le-30-novembre\/"},"modified":"2025-11-26T09:31:58","modified_gmt":"2025-11-26T08:31:58","slug":"non-a-linitiative-service-citoyen-le-30-novembre","status":"publish","type":"post","link":"https:\/\/judc-fr.ch\/de\/2025\/11\/26\/non-a-linitiative-service-citoyen-le-30-novembre\/","title":{"rendered":"NEIN zur Initiative \u00abB\u00fcrgerdienst\u00bb am 30. November!"},"content":{"rendered":"<p>W\u00fcrde die Initiative \u00abB\u00fcrgerdienst\u00bb angenommen, w\u00fcrden doppelt so viele Menschen wie heute von ihrer t\u00e4glichen Arbeit freigestellt. Bereits heute ist es f\u00fcr kleine Unternehmen besonders schwierig, wenn ihre Mitarbeitenden Zeit in der Armee oder im Zivilschutz verbringen. Die Armee ist jedoch f\u00fcr unsere Sicherheit unverzichtbar, und die Aufrechterhaltung der inneren und \u00e4usseren Sicherheit ist die wichtigste Aufgabe eines Staates. Der geplante \u00abB\u00fcrgerdienst\u00bb hat damit nichts zu tun. Wer sich engagieren m\u00f6chte, kann dies bereits heute tun. Es ist nicht notwendig, dass der Staat sie dazu verpflichtet.<\/p>\n<p><strong>Zus\u00e4tzliche Kosten in Millionenh\u00f6he<\/strong><\/p>\n<p>Die Kantone sollten tragen <strong>zus\u00e4tzliche Kosten in Millionenh\u00f6he<\/strong> um die Ma\u00dfnahmen in den neuen T\u00e4tigkeitsbereichen zu koordinieren. Sie m\u00fcssten neue Strukturen und zus\u00e4tzliche Ausbildungskapazit\u00e4ten schaffen. Anstatt ihren Beruf produktiv auszu\u00fcben, w\u00fcrden die Menschen Aufgaben \u00fcbernehmen, f\u00fcr die sie nicht ausgebildet sind. Sie m\u00fcssten daher zun\u00e4chst entsprechend geschult werden. Die Kosten und der Nutzen st\u00fcnden in keinem Verh\u00e4ltnis zueinander. Hinzu k\u00e4men zus\u00e4tzliche Kosten in H\u00f6he von etwa <strong>800 Millionen Franken<\/strong> pro Jahr f\u00fcr Lohnersatzleistungen sowie zus\u00e4tzliche Kosten in H\u00f6he von etwa <strong>160 Millionen Franken <\/strong>pro Jahr f\u00fcr die Milit\u00e4rversicherung. Die Rechnung w\u00fcrde von Arbeitnehmern und Arbeitgebern \u00fcber Lohnabz\u00fcge bezahlt werden.<\/p>\n<p><strong>Nein zur Abschaffung der Wehrpflicht<\/strong><\/p>\n<p>Um einsatzf\u00e4hig zu sein, braucht die Armee zuverl\u00e4ssige Armeeangeh\u00f6rige. Die Initiative verspricht dies, kann dieses Versprechen aber nicht einhalten. Wenn zus\u00e4tzlich zum Milit\u00e4rdienst beliebige Aufgaben im Bereich der Sozialhilfe oder des Klimaschutzes erf\u00fcllt werden k\u00f6nnen, kann die Personalst\u00e4rke unserer Armee nicht mehr gew\u00e4hrleistet werden.<\/p>\n<p>Anstatt den obligatorischen Milit\u00e4rdienst umzukrempeln, sollte die Schweiz die bestehenden Strukturen der Freiwilligenarbeit und der Miliz st\u00e4rken, wo Motivation und Kompetenzen bereits vorhanden sind.<\/p>\n<p><strong>Aus diesen Gr\u00fcnden werde ich am 30. November NEIN zur Initiative \u00abB\u00fcrgerdienst\u00bb sagen.<\/strong><\/p>","protected":false},"excerpt":{"rendered":"<p>Si l\u2019initiative \u00ab Service-Citoyen \u00bb \u00e9tait accept\u00e9e, deux fois plus de personnes seraient retir\u00e9es de leur travail quotidien qu\u2019aujourd\u2019hui. Aujourd\u2019hui d\u00e9j\u00e0, il est particuli\u00e8rement difficile pour les petites entreprises lorsque leurs employ\u00e9s passent du temps dans l\u2019arm\u00e9e ou la protection [&hellip;]<\/p>\n","protected":false},"author":1,"featured_media":0,"comment_status":"","ping_status":"","sticky":false,"template":"","format":"standard","meta":{"footnotes":""},"categories":[60],"tags":[],"class_list":["post-7869","post","type-post","status-publish","format-standard","hentry","category-non-classifiee"],"_links":{"self":[{"href":"https:\/\/judc-fr.ch\/de\/wp-json\/wp\/v2\/posts\/7869","targetHints":{"allow":["GET"]}}],"collection":[{"href":"https:\/\/judc-fr.ch\/de\/wp-json\/wp\/v2\/posts"}],"about":[{"href":"https:\/\/judc-fr.ch\/de\/wp-json\/wp\/v2\/types\/post"}],"author":[{"embeddable":true,"href":"https:\/\/judc-fr.ch\/de\/wp-json\/wp\/v2\/users\/1"}],"replies":[{"embeddable":true,"href":"https:\/\/judc-fr.ch\/de\/wp-json\/wp\/v2\/comments?post=7869"}],"version-history":[{"count":0,"href":"https:\/\/judc-fr.ch\/de\/wp-json\/wp\/v2\/posts\/7869\/revisions"}],"wp:attachment":[{"href":"https:\/\/judc-fr.ch\/de\/wp-json\/wp\/v2\/media?parent=7869"}],"wp:term":[{"taxonomy":"category","embeddable":true,"href":"https:\/\/judc-fr.ch\/de\/wp-json\/wp\/v2\/categories?post=7869"},{"taxonomy":"post_tag","embeddable":true,"href":"https:\/\/judc-fr.ch\/de\/wp-json\/wp\/v2\/tags?post=7869"}],"curies":[{"name":"wp","href":"https:\/\/api.w.org\/{rel}","templated":true}]}}