{"id":7867,"date":"2025-11-25T10:11:46","date_gmt":"2025-11-25T09:11:46","guid":{"rendered":"https:\/\/judc-fr.ch\/2025\/11\/25\/moins-de-bureaucratie-en-suisse-donc-non-aux-accords-bureaucratiques-avec-lue\/"},"modified":"2025-11-25T10:11:46","modified_gmt":"2025-11-25T09:11:46","slug":"moins-de-bureaucratie-en-suisse-donc-non-aux-accords-bureaucratiques-avec-lue","status":"publish","type":"post","link":"https:\/\/judc-fr.ch\/de\/2025\/11\/25\/moins-de-bureaucratie-en-suisse-donc-non-aux-accords-bureaucratiques-avec-lue\/","title":{"rendered":"Weniger B\u00fcrokratie in der Schweiz, daher NEIN zu b\u00fcrokratischen Abkommen mit der EU"},"content":{"rendered":"<div class=\"panel-layout\">\n<div class=\"panel-grid panel-has-style\">\n<div data-iw-animation-delay=\"\" data-iw-animation-position=\"\" class=\"panel-row-style panel-row-style-for-130644-0\">\n<div class=\"panel-grid-cell\">\n<div class=\"so-panel widget widget_sow-editor panel-first-child\" data-index=\"0\">\n<div data-iw-animation-delay=\"\" data-iw-animation-position=\"\" class=\"panel-widget-style panel-widget-style-for-130644-0-0-0\">\n<div class=\"so-widget-sow-editor so-widget-sow-editor-base\">\n<div class=\"siteorigin-widget-tinymce textwidget\">\n<p>Die Vielzahl staatlicher Regulierungen kostet Milliarden, l\u00e4hmt die Innovationsf\u00e4higkeit der Unternehmen und schw\u00e4cht die Wettbewerbsf\u00e4higkeit der Schweizer Wirtschaft. Die B\u00fcrokratie schadet dem Wohlstand der Schweiz.<\/p>\n<p>Die SVP unterst\u00fctzt die Landwirtschafts- und Wirtschaftsverb\u00e4nde in ihrem Kampf gegen die ausufernde B\u00fcrokratie in der Schweiz. Der gr\u00f6sste Wirtschaftsverband, Economiesuisse, verwickelt sich jedoch in peinliche Widerspr\u00fcche: Er fordert kategorisch den Abbau der B\u00fcrokratie \u00abdort, wo die Schweiz handeln muss.\u00bb Gleichzeitig setzt sich der Verband an vorderster Front f\u00fcr den Abschluss der neuen Abkommen mit der EU ein.<\/p>\n<p>Die entscheidende Frage ist nicht, wo die Schweiz handeln MUSS. <strong>Die entscheidende Frage ist, wo die Schweiz noch handeln KANN, wenn sie sich vertraglich an die Regulierungsmaschinerie der EU kettet. <\/strong><\/p>\n<p>Die Vernehmlassung zu den Abkommen mit der EU hat gezeigt, dass insbesondere der Schweizerische Gewerbeverband und der Schweizerische Bauernverband grosse Vorbehalte gegen die dynamische (=automatische) \u00dcbernahme des EU-Rechts und der EU-B\u00fcrokratie haben. Der Schweizerische Bauernverband lehnt die automatische Rechts\u00fcbernahme im Agrarbereich sogar g\u00e4nzlich ab. Der Schweizerische Gewerbeverband zieht zudem eine rote Linie gegen\u00fcber gewerkschaftlichen Zugest\u00e4ndnissen auf dem Arbeitsmarkt. Umgekehrt dr\u00e4ngt Economiesuisse mit allen Mitteln auf den Abschluss der Abkommen mit der EU.<\/p>\n<p><strong>Economiesuisse verstrickt sich in peinliche Widerspr\u00fcche<\/strong><br \/>\nDie Schweizer Landwirtschafts- und Wirtschaftsverb\u00e4nde fordern einen Stopp der B\u00fcrokratie in der Schweiz und unterbreiten verschiedene Vorschl\u00e4ge zur Abschaffung unn\u00f6tiger und teurer Regulierungen.<\/p>\n<p>Allerdings verstrickt sich Economiesuisse in peinliche Widerspr\u00fcche. Man kann nicht weniger B\u00fcrokratie in der Schweiz fordern und sich gleichzeitig an die Regulierungsmaschinerie der EU ketten. Mit seinem konfusen Ansatz torpediert der gr\u00f6sste Wirtschaftsverband die dringend notwendigen Massnahmen in der Schweiz.<\/p>\n<ul>\n<li>An der Pressekonferenz vom Montag forderten die Wirtschaftsverb\u00e4nde einen flexibleren Schweizer Arbeitsmarkt. Aber auch Economiesuisse musste den Gewerkschaften mehrere Zugest\u00e4ndnisse machen, um das Vertragspaket mit der EU durchzubringen: Ausweitung der GAVs, Kontrollen, Lohnschutz usw., die unter dem Begriff \u00abflankierende Massnahmen\u00bb zusammengefasst werden. Der liberale Schweizer Arbeitsmarkt w\u00fcrde dadurch noch st\u00e4rker reguliert und geschw\u00e4cht.<\/li>\n<li>Economiesuisse w\u00fcnscht sich weniger Regulierung in den Bereichen Umwelt und Energie, verschweigt aber die Tatsache, dass wesentliche Teile der Schweizer Energie- und CO2-Gesetzgebung von der EU diktiert w\u00fcrden.<\/li>\n<li>Economiesuisse lehnt die \u00dcbernahme des europ\u00e4ischen Lieferkettengesetzes (CSDD) und der Sorgfaltspflichten ab, ist aber gleichzeitig bereit, dass die Schweiz das europ\u00e4ische Recht einseitig \u00fcbernimmt und anwendet.<\/li>\n<li>Economiesuisse lehnt die neue Initiative f\u00fcr verantwortungsvolle multinationale Unternehmen 2.0 kategorisch ab, obwohl diese Initiative auch auf den EU-Bestimmungen zur Lieferkette und zur Sorgfaltspflicht beruht.<\/li>\n<li>Economiesuisse kritisiert die EU-Verordnung \u00fcber entwaldungsfreie Produkte (EUDR), will aber die Schweiz institutionell der EU unterordnen. Dies w\u00fcrde mittelfristig zu einer vollst\u00e4ndigen \u00dcbernahme der EU-Regelungen f\u00fchren, auch im Umweltbereich.<\/li>\n<li>Economiesuisse sieht die EU-Anforderungen an nachhaltige Investitionen (\u00abEU-Taxonomie\u00bb) ebenso kritisch, will aber gleichzeitig die automatische \u00dcbernahme von EU-Recht, was eine pragmatische Umsetzung von Umweltanforderungen in der Schweiz nicht mehr erm\u00f6glichen w\u00fcrde.<\/li>\n<li>Economiesuisse m\u00f6chte auf die Einf\u00fchrung eines schweizerischen CO2-Kompensationssystems (CBAM) verzichten und verschweigt dabei die Tatsache, dass dieses CBAM ebenfalls aus der Regulierungsmaschinerie der EU stammt.<\/li>\n<\/ul>\n<p><strong>Offenbar haben die Wirtschaftsf\u00fchrer von Economiesuisse das EU-Vertragspaket weder richtig gelesen noch verstanden: <\/strong><\/p>\n<ul>\n<li>Das Stromabkommen macht auch bei uns das CO2-Ziel der EU verbindlich.<\/li>\n<li>Der Green Deal mit seinen 14 000 Seiten wirkt sich auf alle Handelsabkommen zwischen der Schweiz und der EU aus, insbesondere in den Bereichen Elektrizit\u00e4t, Lebensmittelsicherheit, Land- und Luftverkehr.<\/li>\n<li>Economiesuisse fordert: \u00abWir m\u00fcssen in unserer Standortpolitik unn\u00f6tige Regulierungen vermeiden.\u00bb Die dynamische Rechts\u00fcbernahme und das \u00abdecision shaping\u00bb untergraben jedoch unser bew\u00e4hrtes Vernehmlassungsverfahren - und damit auch die F\u00e4higkeit der Verb\u00e4nde, auf die Schweizer Gesetzgebung Einfluss zu nehmen.<\/li>\n<li>Die einseitige und vollst\u00e4ndige \u00dcbernahme der Vielzahl von EU-Regelungen durch die Schweiz als \u00abRechtssicherheit\u00bb darstellen\u00bb <a href=\"https:\/\/www.udc.ch\/actualites\/publications\/communiques-de-presse\/moins-de-bureaucratie-en-suisse-donc-non-aux-accords-bureaucratiques-avec-lue\/#ftn_01\" rel=\"noopener\" name=\"ftn_01\" data-cke-saved-href=\"#ftn_01\" data-cke-saved-name=\"ftn_01\"><sup>1<\/sup><\/a>, Die Frage, ob die Schweiz, wie es Economiesuisse tut, eine \"Steuerreform\" einf\u00fchren sollte, kann nur als absurd bezeichnet werden. <strong>In Wirklichkeit w\u00e4re die Schweiz in wesentlichen Bereichen gezwungen, das Recht und die Vorschriften der EU zu \u00fcbernehmen und anzuwenden, <\/strong>und verliert damit die M\u00f6glichkeit, sich auf pragmatische Weise von der EU abzugrenzen.<\/li>\n<\/ul>\n<p><strong>Die Schweiz ist bereits der EU-B\u00fcrokratie unterworfen<\/strong><br \/>\nWirtschaftsverb\u00e4nde kritisieren zu Recht die Gesetzesflut in der Schweiz; in der letzten Legislaturperiode (2019-2023) wurden \u00ab203 Gesetze und Verordnungen neu geschaffen oder ge\u00e4ndert\u00bb. Das sind viel zu viele Gesetze und Verordnungen. Aber es ist nichts im Vergleich zur Produktion von Gesetzen und Verordnungen in der EU.<\/p>\n<p><strong>Es muss auch anerkannt werden, dass die Schweiz bereits der Regulierungsmaschinerie der EU unterworfen ist.<\/strong> In den letzten zehn Jahren ist etwa die H\u00e4lfte aller Wirtschaftsvorschriften in der Schweiz direkt oder indirekt aus dem EU-Recht hervorgegangen. Die meisten von ihnen werden autonom umgesetzt. Eine unheilvolle Allianz zwischen EU-treuen Beamten und Wirtschaftsf\u00fchrern, die angebliche Handelshemmnisse vermeiden wollen, spielt dabei eine wichtige Rolle.<\/p>\n<p>Die EU ist auf jeden Fall die treibende Kraft hinter dieser Regulierungsflut<\/p>\n<p>Laut dem \u00abDraghi-Bericht\u00bb hat die EU etwa <strong>13\u2019000 Rechtsakte<\/strong> zwischen 2019 und 2024, die wie folgt aufgeteilt werden:<\/p>\n<ul>\n<li>515 gew\u00f6hnliche Gesetzgebungsakte<\/li>\n<li>2 431 andere Gesetzgebungsakte<\/li>\n<li>954 delegierte Rechtsakte<\/li>\n<li>5.713 Durchf\u00fchrungsrechtsakte (\u00abimplementing acts\u00bb)<\/li>\n<li>3.442 \u00abandere\u00bb Handlungen<\/li>\n<\/ul>\n<p>Bei einem Durchschnitt von 30 Seiten pro Dossier ergibt dies insgesamt 390.000 Seiten EU-Regelungen.<\/p>\n<p><strong>20 Millionen W\u00f6rter an EU-Vorschriften pro Jahr!<\/strong><br \/>\nSeit dem Inkrafttreten des Vertrags von Lissabon (2010) hat sich der Umfang der EU-Rechtsvorschriften auf fast 20 Millionen W\u00f6rter verdoppelt. W\u00e4hrend ein europ\u00e4ischer Rechtsakt im Jahr 2000 durchschnittlich etwa 54.000 W\u00f6rter umfasste, waren es im Jahr 2024 fast 160.000 W\u00f6rter. Vor allem die Zahl der direkt anwendbaren EU-Verordnungen hat in diesem Zeitraum erheblich zugenommen.<a href=\"https:\/\/www.udc.ch\/actualites\/publications\/communiques-de-presse\/moins-de-bureaucratie-en-suisse-donc-non-aux-accords-bureaucratiques-avec-lue\/#ftn_01\" rel=\"noopener\" name=\"sdfootnote2anc\" data-cke-saved-href=\"#ftn_02\" data-cke-saved-name=\"sdfootnote2anc\"><sup>2<\/sup><\/a><\/p>\n<p>20 Millionen W\u00f6rter an EU-Vorschriften pro Jahr!<\/p>\n<p>Das sind 70.000 zus\u00e4tzliche Seiten an Gesetzestexten pro Jahr!<a href=\"https:\/\/www.udc.ch\/actualites\/publications\/communiques-de-presse\/moins-de-bureaucratie-en-suisse-donc-non-aux-accords-bureaucratiques-avec-lue\/#ftn_01\" rel=\"noopener\" name=\"sdfootnote3anc\" data-cke-saved-href=\"#ftn_03\" data-cke-saved-name=\"sdfootnote3anc\"><sup>3<\/sup><\/a><\/p>\n<p>Der Geltungsbereich der EU-Rechtsvorschriften hat sich seit dem Vertrag von Lissabon verdoppelt!<\/p>\n<p><img loading=\"lazy\" decoding=\"async\" src=\"https:\/\/mcusercontent.com\/0697da8aebf300d573618da7b\/images\/59d50d67-1d2e-5120-63ad-fcdd5b86813f.png\" width=\"500\" height=\"485\" align=\"bottom\" border=\"0\" data-file-id=\"6877296\" data-cke-saved-name=\"Grafik 1\" data-cke-saved-src=\"https:\/\/mcusercontent.com\/0697da8aebf300d573618da7b\/images\/59d50d67-1d2e-5120-63ad-fcdd5b86813f.png\" \/><\/p>\n<p><span><strong>Was tun?<\/strong><\/span><\/p>\n<p><strong>Die B\u00fcrokratie stoppen<\/strong><br \/>\nKeine weitere Ausweitung von Vorschriften, Regelungen, Dokumentationspflichten usw. L\u2019<strong>SVP l\u00e4dt Wirtschaftsverb\u00e4nde ein<\/strong> ab der n\u00e4chsten Sitzungsperiode eine <strong>b\u00fcrokratischer Warnaufkleber<\/strong> auf jede Intervention und jeden Gesetzentwurf, die eine zus\u00e4tzliche b\u00fcrokratische Belastung mit sich bringen. Die b\u00fcrgerlichen Parteien haben die Mittel, um der ausufernden B\u00fcrokratie ein Ende zu setzen, sie m\u00fcssen es nur tun.<\/p>\n<p><strong>Abbau von B\u00fcrokratie<\/strong><br \/>\nDie B\u00fcrokratisierung ist ein Symptom, ein Zeichen f\u00fcr einen stark wachsenden Staat, der immer mehr Mittel und Macht an sich rei\u00dft. Im Jahr 2000 beliefen sich die Ausgaben des Bundes auf 47.1 Milliarden. F\u00fcr das n\u00e4chste Jahr werden sie auf 90.6 Milliarden gesch\u00e4tzt. Wenn man weniger B\u00fcrokratie will, muss man dem Staat und denjenigen, die von ihm profitieren, logischerweise Mittel und Macht entziehen. Weniger Staat bedeutet weniger B\u00fcrokratie. Weniger B\u00fcrokratie bedeutet mehr Freiheit f\u00fcr B\u00fcrger und Unternehmen.<\/p>\n<p lang=\"fr-CH\"><strong>Nein zur Regulierungsmaschinerie der EU<\/strong><br \/>\nWeniger B\u00fcrokratie in der Schweiz bedeutet, NEIN zu b\u00fcrokratischen Abkommen mit der EU zu sagen. Die Krise im europ\u00e4ischen Raum sollte Warnung genug sein.<\/p>\n<p>Der Deutsche Industrie- und Handelskammertag beklagt die ausufernde und kostspielige EU-B\u00fcrokratie: \u00abDie st\u00e4ndige Flut neuer Gesetze, Meldepflichten, Anforderungen, Formulare und Antr\u00e4ge h\u00e4lt die Unternehmen in der EU davon ab, sich auf ihr eigentliches Gesch\u00e4ft zu konzentrieren.\u00bb<a href=\"https:\/\/www.udc.ch\/actualites\/publications\/communiques-de-presse\/moins-de-bureaucratie-en-suisse-donc-non-aux-accords-bureaucratiques-avec-lue\/#ftn_01\" rel=\"noopener\" name=\"sdfootnote4anc\" data-cke-saved-href=\"#ftn_04\" data-cke-saved-name=\"sdfootnote4anc\"><sup>4<\/sup><\/a>\u00a0 95% der befragten Unternehmen sehen \u00fcberm\u00e4\u00dfige B\u00fcrokratie als eines der Hauptprobleme an.<\/p>\n<p>Der B\u00fcrokratiewahnsinn kostet die deutsche Wirtschaft bis zu 146 Milliarden Euro pro Jahr. Bundeskanzler Merz macht den B\u00fcrokratieabbau zu einer Priorit\u00e4t, wenn da nicht die EU w\u00e4re: \u00abAber der Abbau von Vorschriften st\u00f6\u00dft auf die Herausforderung der strengen Richtlinien, die von Br\u00fcssel auferlegt werden.\u00bb<a href=\"https:\/\/www.udc.ch\/actualites\/publications\/communiques-de-presse\/moins-de-bureaucratie-en-suisse-donc-non-aux-accords-bureaucratiques-avec-lue\/#ftn_01\" rel=\"noopener\" name=\"sdfootnote5anc\" data-cke-saved-href=\"#ftn_05\" data-cke-saved-name=\"sdfootnote5anc\"><sup>5<\/sup><\/a> Mit anderen Worten: Wenn die EU dies nicht will, sind Deutschland die H\u00e4nde gebunden.<\/p>\n<p><strong>Wenn die Schweiz ihren Handlungsspielraum behalten will, darf sie diese b\u00fcrokratischen Abkommen mit der EU nicht unterzeichnen!<\/strong><\/p>\n<\/div>\n<\/div>\n<\/div>\n<\/div>\n<div class=\"so-panel widget widget_sow-editor panel-last-child\" data-index=\"1\">\n<div data-iw-animation-delay=\"\" data-iw-animation-position=\"\" class=\"panel-widget-style panel-widget-style-for-130644-0-0-1\">\n<div class=\"so-widget-sow-editor so-widget-sow-editor-base\">\n<div class=\"siteorigin-widget-tinymce textwidget\">\n<p>\u00a0<\/p>\n<p><a href=\"https:\/\/www.udc.ch\/actualites\/publications\/communiques-de-presse\/moins-de-bureaucratie-en-suisse-donc-non-aux-accords-bureaucratiques-avec-lue\/#ftn_01\" target=\"_blank\" rel=\"noopener\" name=\"ftn_01\" data-cke-saved-href=\"#ftn_01\" data-cke-saved-name=\"ftn_01\">1<\/a> <span><u><a href=\"https:\/\/www.economiesuisse.ch\/de\/dossier-politik\/bilaterale-iii-die-beste-option-nun-ist-eine-schlanke-umsetzung-in-der-schweiz-notig\" target=\"_blank\" rel=\"noopener\" data-cke-saved-href=\"https:\/\/www.economiesuisse.ch\/de\/dossier-politik\/bilaterale-iii-die-beste-option-nun-ist-eine-schlanke-umsetzung-in-der-schweiz-notig\">Bilaterale III: Die beste Option | economiesuisse | economiesuisse<\/a><\/u><\/span><\/p>\n<p><a href=\"https:\/\/www.udc.ch\/actualites\/publications\/communiques-de-presse\/moins-de-bureaucratie-en-suisse-donc-non-aux-accords-bureaucratiques-avec-lue\/#ftn_02\" target=\"_blank\" rel=\"noopener\" name=\"ftn_02\" data-cke-saved-href=\"#ftn_02\" data-cke-saved-name=\"ftn_02\">2<\/a> <span><u><a href=\"https:\/\/www.epicenternetwork.eu\/briefings\/eu-regulatory-volume-has-doubled-since-the-treaty-lisbon\/\" target=\"_blank\" rel=\"noopener\" data-cke-saved-href=\"https:\/\/www.epicenternetwork.eu\/briefings\/eu-regulatory-volume-has-doubled-since-the-treaty-lisbon\/\">CEPOS<\/a><\/u><\/span><\/p>\n<p><a href=\"https:\/\/www.udc.ch\/actualites\/publications\/communiques-de-presse\/moins-de-bureaucratie-en-suisse-donc-non-aux-accords-bureaucratiques-avec-lue\/#ftn_03\" target=\"_blank\" rel=\"noopener\" name=\"ftn_03\" data-cke-saved-href=\"#ftn_03\" data-cke-saved-name=\"ftn_03\">3<\/a> Gesch\u00e4tzt f\u00fcr 20 Millionen W\u00f6rter, Schriftgr\u00f6\u00dfe 12, Zeilenabstand 1,5.<\/p>\n<p><a href=\"https:\/\/www.udc.ch\/actualites\/publications\/communiques-de-presse\/moins-de-bureaucratie-en-suisse-donc-non-aux-accords-bureaucratiques-avec-lue\/#ftn_04\" target=\"_blank\" rel=\"noopener\" name=\"ftn_04\" data-cke-saved-href=\"#ftn_04\" data-cke-saved-name=\"ftn_04\">4<\/a> <span><u><a href=\"https:\/\/www.dihk.de\/de\/aktuelles-und-presse\/aktuelle-informationen\/betriebe-von-eu-buerokratie-entlasten-wettbewerbsfaehigkeit-staerken-124320\" data-cke-saved-href=\"https:\/\/www.dihk.de\/de\/aktuelles-und-presse\/aktuelle-informationen\/betriebe-von-eu-buerokratie-entlasten-wettbewerbsfaehigkeit-staerken-124320\">Betriebe von EU-B\u00fcrokratie entlasten, Wettbewerbsf\u00e4higkeit st\u00e4rken<\/a><\/u><\/span><\/p>\n<p><a href=\"https:\/\/www.udc.ch\/actualites\/publications\/communiques-de-presse\/moins-de-bureaucratie-en-suisse-donc-non-aux-accords-bureaucratiques-avec-lue\/#ftn_05\" target=\"_blank\" rel=\"noopener\" name=\"ftn_05\" data-cke-saved-href=\"#ftn_05\" data-cke-saved-name=\"ftn_05\">5<\/a> <span><u><a href=\"https:\/\/www.youtube.com\/watch?v=CtpvBDY0AZc\" data-cke-saved-href=\"https:\/\/www.youtube.com\/watch?v=CtpvBDY0AZc\">DEUTSCHLAND: B\u00fcrokratiewahnsinn kostet 146 Milliarden Euro - Merz erkl\u00e4rt Abbau zur Chefsache<\/a><\/u><\/span><\/p>\n<\/div>\n<\/div>\n<\/div>\n<\/div>\n<\/div>\n<\/div>\n<\/div>\n<\/div>","protected":false},"excerpt":{"rendered":"<p>La multitude de r\u00e9glementations \u00e9tatiques co\u00fbte des milliards, paralyse la capacit\u00e9 d&rsquo;innovation des entreprises et affaiblit la comp\u00e9titivit\u00e9 de l&rsquo;\u00e9conomie suisse. La bureaucratie nuit \u00e0 la prosp\u00e9rit\u00e9 de la Suisse. L&rsquo;UDC soutient les associations agricoles et \u00e9conomiques dans leur lutte [&hellip;]<\/p>\n","protected":false},"author":1,"featured_media":0,"comment_status":"","ping_status":"","sticky":false,"template":"","format":"standard","meta":{"footnotes":""},"categories":[60],"tags":[],"class_list":["post-7867","post","type-post","status-publish","format-standard","hentry","category-non-classifiee"],"_links":{"self":[{"href":"https:\/\/judc-fr.ch\/de\/wp-json\/wp\/v2\/posts\/7867","targetHints":{"allow":["GET"]}}],"collection":[{"href":"https:\/\/judc-fr.ch\/de\/wp-json\/wp\/v2\/posts"}],"about":[{"href":"https:\/\/judc-fr.ch\/de\/wp-json\/wp\/v2\/types\/post"}],"author":[{"embeddable":true,"href":"https:\/\/judc-fr.ch\/de\/wp-json\/wp\/v2\/users\/1"}],"replies":[{"embeddable":true,"href":"https:\/\/judc-fr.ch\/de\/wp-json\/wp\/v2\/comments?post=7867"}],"version-history":[{"count":0,"href":"https:\/\/judc-fr.ch\/de\/wp-json\/wp\/v2\/posts\/7867\/revisions"}],"wp:attachment":[{"href":"https:\/\/judc-fr.ch\/de\/wp-json\/wp\/v2\/media?parent=7867"}],"wp:term":[{"taxonomy":"category","embeddable":true,"href":"https:\/\/judc-fr.ch\/de\/wp-json\/wp\/v2\/categories?post=7867"},{"taxonomy":"post_tag","embeddable":true,"href":"https:\/\/judc-fr.ch\/de\/wp-json\/wp\/v2\/tags?post=7867"}],"curies":[{"name":"wp","href":"https:\/\/api.w.org\/{rel}","templated":true}]}}