{"id":7866,"date":"2025-11-25T14:24:46","date_gmt":"2025-11-25T13:24:46","guid":{"rendered":"https:\/\/judc-fr.ch\/2025\/11\/25\/cest-desormais-officiel-grace-a-ludc-la-population-suisse-pourra-mettre-fin-aux-centaines-de-milliers-dabus-en-matiere-dasile\/"},"modified":"2025-11-25T14:24:46","modified_gmt":"2025-11-25T13:24:46","slug":"cest-desormais-officiel-grace-a-ludc-la-population-suisse-pourra-mettre-fin-aux-centaines-de-milliers-dabus-en-matiere-dasile","status":"publish","type":"post","link":"https:\/\/judc-fr.ch\/de\/2025\/11\/25\/cest-desormais-officiel-grace-a-ludc-la-population-suisse-pourra-mettre-fin-aux-centaines-de-milliers-dabus-en-matiere-dasile\/","title":{"rendered":"Jetzt ist es offiziell: Dank der SVP kann die Schweizer Bev\u00f6lkerung den Hunderttausenden von Asylmissbrauchsf\u00e4llen ein Ende setzen!"},"content":{"rendered":"<p>Die Schweizer Bev\u00f6lkerung hat die Nase voll von der Mitte-Links-Asylpolitik, die auf ihrem R\u00fccken ausgetragen wird. Die <strong>organisierte kriminelle Migration<\/strong> bringt jedes Jahr Zehntausende sogenannter \u00abAsylsuchender\u00bb aus der ganzen Welt in unser Land. Die meisten von ihnen kommen mit Hilfe von Schleppernetzwerken und linksgerichteten NGOs. Sie reisen durch unz\u00e4hlige sichere Drittl\u00e4nder, um in der Schweiz einen Asylantrag zu stellen und von unserem System zu profitieren. <strong>Kosten und Kriminalit\u00e4t explodieren<\/strong>. Im Jahr 2021 hat der Bund 1,5 Milliarden Franken f\u00fcr den Asylbereich ausgegeben. Heute, nur vier Jahre sp\u00e4ter, bel\u00e4uft sich diese Zahl bereits auf <strong>3.8 Milliarden<\/strong> <strong>von Franken<\/strong>.<\/p>\n<p>Die Schweizer wollen diesem missbr\u00e4uchlichen System ein Ende setzen. Dies zeigt sich daran, dass die eidgen\u00f6ssische Volksinitiative \u00abStopp dem Asylmissbrauch! (Grenzschutzinitiative)\u00bb der SVP mit 107\u2019974 g\u00fcltigen Unterschriften zustande gekommen ist.<\/p>\n<p><strong>Die Hauptforderungen der Initiative sind:<\/strong><\/p>\n<ul>\n<li><strong>Das Ende des Asyls f\u00fcr illegale Migranten<\/strong> die \u00fcber sichere Drittstaaten wie Italien oder \u00d6sterreich mithilfe krimineller Schleusernetzwerke zu uns kommen.<\/li>\n<li><strong>Eine H\u00f6chstzahl von 5.000 echten Fl\u00fcchtlingen<\/strong> pro Jahr anstelle von Hunderttausenden asylsuchenden Migranten, die sich oft illegal bei uns aufhalten.<\/li>\n<li>Personen, deren <strong>der Asylantrag abgelehnt wurde<\/strong> d\u00fcrfen nicht mehr profitieren <strong>ein Aufenthaltsrecht in der Schweiz, z.B. in Form einer \u00abvorl\u00e4ufigen Aufnahme\u00bb.\u00bb<\/strong>. Dies betrifft vor allem junge M\u00e4nner aus Afrika, Afghanistan, dem Irak, Syrien und der T\u00fcrkei.<\/li>\n<li><strong>Die R\u00fcckkehr von Kontrollen an den Schweizer Landesgrenzen,<\/strong> um die illegale Einwanderung zu unterbinden.<\/li>\n<\/ul>\n<p>Grenzkontrollen sind wirksam. Das zeigen die Beispiele Italien oder Deutschland: Dort ist die Zahl der Erstantr\u00e4ge auf Asyl (von Januar bis August 2025) erheblich zur\u00fcckgegangen! Auch die Tatsache, dass viele europ\u00e4ische Staaten ihre Asylpolitik versch\u00e4rfen, zeigt, dass diese Ma\u00dfnahmen wirksam sind.<\/p>\n<p>Ganz anders sieht es bei uns aus: Beat Jans, SP-Bundesrat und zust\u00e4ndig f\u00fcr Asylfragen, unternimmt nichts gegen die kriminelle Asylmigration, er setzt nicht einmal die Initiativen des Parlaments um. Auch die Mitte-Links-Parteien lehnen die dringend notwendige Neuausrichtung der Asylpolitik ab. Das Ergebnis dieser chaotischen Politik ist, dass die Schweiz heute eines der <strong>h\u00f6chste Pro-Kopf-Asylraten in Europa!<\/strong><\/p>\n<p><img loading=\"lazy\" decoding=\"async\" class=\"wp-image-130651 alignnone\" src=\"https:\/\/www.udc.ch\/wp-content\/uploads\/sites\/2\/251118_Blick-Asylzahlen-Vergleich-CH-und-Europa_FR.jpg\" alt=\"\" width=\"573\" height=\"380\" \/><\/p>\n<p>Die Schweizer Bev\u00f6lkerung ist die Leidtragende dieser linken Politik der offenen Grenzen: Die Sicherheit in unserem Land hat erheblich abgenommen. Vor allem Frauen werden respektlos behandelt, bel\u00e4stigt oder Opfer von Gewalt. Einer der Hauptgr\u00fcnde f\u00fcr diese Entwicklung ist die illegale Einwanderung im Zusammenhang mit dem Asylwesen : <strong>70% der Asylsuchenden stammen aus islamischen L\u00e4ndern und sind \u00fcberwiegend junge M\u00e4nner<\/strong>.<\/p>\n<p><strong>Kriminelle und Profiteure, die Asyl erhalten<\/strong><\/p>\n<p>Die Kriminalit\u00e4tsstatistiken sind erbaulich: Im Jahr 2024 stiegen die Straftaten erneut massiv an und erreichten \u00fcber <strong>563\u2019000 Straftaten<\/strong>, Dies entspricht einem Anstieg um 8% im Vergleich zum Vorjahr, nachdem bereits 2023 ein Anstieg um 14% verzeichnet wurde. Die Kriminalit\u00e4t der <strong>asylsuchende Migranten und illegale Einwanderer<\/strong> ist f\u00f6rmlich explodiert, diese Kategorie ist nun <strong>verantwortlich f\u00fcr mehr als 26% der Verst\u00f6\u00dfe<\/strong>. Im Klartext: 24% der schweren K\u00f6rperverletzungen, 78% der Einbr\u00fcche in Fahrzeuge, 47% der Diebst\u00e4hle von Fahrzeugen, 37% der bewaffneten Raub\u00fcberf\u00e4lle, 17% der Vergewaltigungen und 29% der Gewalt und Drohungen gegen Polizisten wurden von asylsuchenden und illegalen Migranten begangen.<\/p>\n<p>Der sozialdemokratische Bundesrat Beat Jans, und die anderen Parteien unternehmen nichts gegen den Asylmissbrauch und die zunehmende Kriminalit\u00e4t von Asylbewerbern. Dank der Grenzschutzinitiative der SVP k\u00f6nnen die Schweizer dem Asylchaos an der Urne ein Ende setzen.<\/p>","protected":false},"excerpt":{"rendered":"<p>La population suisse en a assez de la politique d\u2019asile de centre-gauche qui se fait sur son dos. La migration criminelle organis\u00e9e am\u00e8ne chaque ann\u00e9e dans notre pays des dizaines de milliers de soi-disant \u00ab demandeurs d\u2019asile \u00bb venus du [&hellip;]<\/p>\n","protected":false},"author":1,"featured_media":0,"comment_status":"","ping_status":"","sticky":false,"template":"","format":"standard","meta":{"footnotes":""},"categories":[60],"tags":[],"class_list":["post-7866","post","type-post","status-publish","format-standard","hentry","category-non-classifiee"],"_links":{"self":[{"href":"https:\/\/judc-fr.ch\/de\/wp-json\/wp\/v2\/posts\/7866","targetHints":{"allow":["GET"]}}],"collection":[{"href":"https:\/\/judc-fr.ch\/de\/wp-json\/wp\/v2\/posts"}],"about":[{"href":"https:\/\/judc-fr.ch\/de\/wp-json\/wp\/v2\/types\/post"}],"author":[{"embeddable":true,"href":"https:\/\/judc-fr.ch\/de\/wp-json\/wp\/v2\/users\/1"}],"replies":[{"embeddable":true,"href":"https:\/\/judc-fr.ch\/de\/wp-json\/wp\/v2\/comments?post=7866"}],"version-history":[{"count":0,"href":"https:\/\/judc-fr.ch\/de\/wp-json\/wp\/v2\/posts\/7866\/revisions"}],"wp:attachment":[{"href":"https:\/\/judc-fr.ch\/de\/wp-json\/wp\/v2\/media?parent=7866"}],"wp:term":[{"taxonomy":"category","embeddable":true,"href":"https:\/\/judc-fr.ch\/de\/wp-json\/wp\/v2\/categories?post=7866"},{"taxonomy":"post_tag","embeddable":true,"href":"https:\/\/judc-fr.ch\/de\/wp-json\/wp\/v2\/tags?post=7866"}],"curies":[{"name":"wp","href":"https:\/\/api.w.org\/{rel}","templated":true}]}}