{"id":7865,"date":"2025-11-22T13:50:01","date_gmt":"2025-11-22T12:50:01","guid":{"rendered":"https:\/\/judc-fr.ch\/2025\/11\/22\/moins-dargent-pour-le-chaos-de-lasile-qui-coute-des-milliards\/"},"modified":"2025-11-22T13:50:01","modified_gmt":"2025-11-22T12:50:01","slug":"moins-dargent-pour-le-chaos-de-lasile-qui-coute-des-milliards","status":"publish","type":"post","link":"https:\/\/judc-fr.ch\/de\/2025\/11\/22\/moins-dargent-pour-le-chaos-de-lasile-qui-coute-des-milliards\/","title":{"rendered":"Weniger Geld f\u00fcr das milliardenschwere Asylchaos"},"content":{"rendered":"<p>Mit dem Haushalt 2026 (<a href=\"https:\/\/www.parlament.ch\/fr\/ratsbetrieb\/suche-curia-vista\/geschaeft?AffairId=20250041\" data-cke-saved-href=\"https:\/\/www.parlament.ch\/fr\/ratsbetrieb\/suche-curia-vista\/geschaeft?AffairId=20250041\">25.041<\/a>) legt der Bundesrat einen um mehr als 90 Milliarden Franken aufgebl\u00e4hten Bundeshaushalt vor. Trotz Rekordeinnahmen resultiert daraus ein Defizit. <strong>Die Schuldenbremse kann nur mit Hilfe von Tricks eingehalten werden;<\/strong> so werden 600 Millionen Franken f\u00fcr die Ukraine wieder einmal als \u00abau\u00dferordentliche\u00bb Ausgaben im Asylbereich verbucht.<\/p>\n<p>Der Bund lebt \u00fcber seine Verh\u00e4ltnisse. F\u00fcr die SVP ist deshalb klar, dass das Entlastungspaket 2027 konsequent umgesetzt werden muss, und zwar auf der Ausgabenseite: K\u00fcrzungen sind bei der Entwicklungshilfe und im Asyl- und Migrationsbereich n\u00f6tig. Die SVP-Fraktion lehnt alle Mehreinnahmen und Steuererh\u00f6hungen ab.<\/p>\n<p>Auch die SVP sieht die hohen Nachtragskredite kritisch (<a href=\"https:\/\/www.parlament.ch\/fr\/ratsbetrieb\/suche-curia-vista\/geschaeft?AffairId=20250042\" data-cke-saved-href=\"https:\/\/www.parlament.ch\/fr\/ratsbetrieb\/suche-curia-vista\/geschaeft?AffairId=20250042\">25.042<\/a>) f\u00fcr teure Wintervorr\u00e4te, <strong>Symptome einer Energiestrategie 2050<\/strong> <strong>v\u00f6llig misslungen<\/strong>. Der rasche Ausbau von Solar- und Windkraftwerken f\u00fchrt zu Engp\u00e4ssen, die uns heute dazu zwingen, immer mehr Gaskraftwerke in Betrieb zu nehmen und daf\u00fcr teure Zusatzkredite zu bezahlen. Die SVP-Fraktion argumentiert, dass die Schweiz eine zuverl\u00e4ssige und bezahlbare Energieversorgung braucht, die frei von Ideologie ist. Dazu geh\u00f6rt auch die Kernenergie.<\/p>\n<p><strong>Geb\u00fchr von 50 Franken f\u00fcr Bagatellf\u00e4lle in der Notaufnahme<\/strong><br \/>\nEs ist h\u00f6chste Zeit, die Notfallabteilungen der Spit\u00e4ler zu entlasten, die allzu oft \u00fcberlastet sind und durch Bagatellf\u00e4lle blockiert werden. Aus diesem Grund spricht sich die SVP-Fraktion f\u00fcr eine Geb\u00fchr von 50 Franken aus, die bei jedem Besuch direkt vor Ort bezahlt werden muss. Diese Ma\u00dfnahme soll die <strong>missbr\u00e4uchliche \u00dcberlastung von Krankenh\u00e4usern<\/strong> und die daraus entstehenden Kosten.<\/p>\n<p>Seit ihrer Einreichung im Jahr 2017 hat die Initiative (<a href=\"https:\/\/www.parlament.ch\/fr\/ratsbetrieb\/suche-curia-vista\/geschaeft?AffairId=20170480\" data-cke-saved-href=\"https:\/\/www.parlament.ch\/fr\/ratsbetrieb\/suche-curia-vista\/geschaeft?AffairId=20170480\">17.480<\/a>) wurde erheblich abgeschw\u00e4cht und die neuen Bestimmungen werden nicht f\u00fcr die gesamte Schweiz gelten. Obwohl mehrere Ausnahmen die parlamentarische Initiative noch weiter schw\u00e4chen, bef\u00fcrwortet die SVP-Fraktion die Einf\u00fchrung einer Abgabe f\u00fcr Bagatellf\u00e4lle, die verantwortungsvolle Versicherte, die ihre Pr\u00e4mien bezahlen, entlasten soll.<\/p>","protected":false},"excerpt":{"rendered":"<p>Avec le budget 2026 (25.041), le Conseil f\u00e9d\u00e9ral pr\u00e9sente un budget f\u00e9d\u00e9ral gonfl\u00e9 de plus de 90 milliards de francs. Malgr\u00e9 des recettes record, il en r\u00e9sulte un d\u00e9ficit. Le frein \u00e0 l\u2019endettement ne peut \u00eatre respect\u00e9 qu\u2019\u00e0 l\u2019aide d\u2019astuces\u00a0; [&hellip;]<\/p>\n","protected":false},"author":1,"featured_media":0,"comment_status":"","ping_status":"","sticky":false,"template":"","format":"standard","meta":{"footnotes":""},"categories":[60],"tags":[],"class_list":["post-7865","post","type-post","status-publish","format-standard","hentry","category-non-classifiee"],"_links":{"self":[{"href":"https:\/\/judc-fr.ch\/de\/wp-json\/wp\/v2\/posts\/7865","targetHints":{"allow":["GET"]}}],"collection":[{"href":"https:\/\/judc-fr.ch\/de\/wp-json\/wp\/v2\/posts"}],"about":[{"href":"https:\/\/judc-fr.ch\/de\/wp-json\/wp\/v2\/types\/post"}],"author":[{"embeddable":true,"href":"https:\/\/judc-fr.ch\/de\/wp-json\/wp\/v2\/users\/1"}],"replies":[{"embeddable":true,"href":"https:\/\/judc-fr.ch\/de\/wp-json\/wp\/v2\/comments?post=7865"}],"version-history":[{"count":0,"href":"https:\/\/judc-fr.ch\/de\/wp-json\/wp\/v2\/posts\/7865\/revisions"}],"wp:attachment":[{"href":"https:\/\/judc-fr.ch\/de\/wp-json\/wp\/v2\/media?parent=7865"}],"wp:term":[{"taxonomy":"category","embeddable":true,"href":"https:\/\/judc-fr.ch\/de\/wp-json\/wp\/v2\/categories?post=7865"},{"taxonomy":"post_tag","embeddable":true,"href":"https:\/\/judc-fr.ch\/de\/wp-json\/wp\/v2\/tags?post=7865"}],"curies":[{"name":"wp","href":"https:\/\/api.w.org\/{rel}","templated":true}]}}