{"id":7864,"date":"2025-11-21T18:39:07","date_gmt":"2025-11-21T17:39:07","guid":{"rendered":"https:\/\/judc-fr.ch\/2025\/11\/21\/securite-et-souverainete-aussi-pour-larmement-suisse\/"},"modified":"2025-11-21T18:39:07","modified_gmt":"2025-11-21T17:39:07","slug":"securite-et-souverainete-aussi-pour-larmement-suisse","status":"publish","type":"post","link":"https:\/\/judc-fr.ch\/de\/2025\/11\/21\/securite-et-souverainete-aussi-pour-larmement-suisse\/","title":{"rendered":"Sicherheit und Souver\u00e4nit\u00e4t auch f\u00fcr die Schweizer R\u00fcstungsindustrie"},"content":{"rendered":"<p>Die SVP hat die Revision des Kriegsmaterialgesetzes weitgehend beeinflusst (<a href=\"https:\/\/www.parlament.ch\/fr\/ratsbetrieb\/suche-curia-vista\/geschaeft?AffairId=20250024\" data-cke-saved-href=\"https:\/\/www.parlament.ch\/fr\/ratsbetrieb\/suche-curia-vista\/geschaeft?AffairId=20250024\">25.024<\/a>). Von Anfang an setzte sie sich f\u00fcr eine neutralit\u00e4tskonforme Aufhebung der Exportbeschr\u00e4nkungen ein. <strong>Die Revision des Kriegsmaterialgesetzes sichert langfristig den Status der Schweiz als R\u00fcstungsstandort und damit die Versorgung unserer Armee mit nationalem Kriegsmaterial.<\/strong> Die Alternative w\u00e4re eine v\u00f6llige Abh\u00e4ngigkeit von ausl\u00e4ndischer Milit\u00e4rtechnologie. W\u00e4hrend die Linke in ihre traditionelle Armeefeindlichkeit zur\u00fcckgefallen ist und ein Referendum angek\u00fcndigt hat, setzt die SVP auf eine souver\u00e4ne Sicherheitspolitik: Die Schweiz muss verl\u00e4sslich bleiben, sowohl f\u00fcr ihre eigene Armee als auch f\u00fcr ihre eigene R\u00fcstungsindustrie und wichtige Partner.<\/p>\n<p><strong>Den Abschuss von W\u00f6lfen in Jagdverbotszonen erlauben<br \/>\n<\/strong>Die SVP fordert endlich wirksame Regeln gegen die ungebremste Ausbreitung des Wolfs. <strong>Die Motion von SVP-St\u00e4nder\u00e4tin Esther Friedli (<\/strong><a href=\"https:\/\/www.parlament.ch\/fr\/ratsbetrieb\/suche-curia-vista\/geschaeft?AffairId=20253715\" data-cke-saved-href=\"https:\/\/www.parlament.ch\/fr\/ratsbetrieb\/suche-curia-vista\/geschaeft?AffairId=20253715\"><strong>25.3715<\/strong><\/a><strong>) schlie\u00dft eine wichtige L\u00fccke im Jagdgesetz<\/strong> : Heute k\u00f6nnen W\u00f6lfe nicht reguliert werden, selbst wenn sie in gro\u00dfen Jagdverbotszonen, in denen sich viele S\u00f6mmerungsgebiete befinden, erhebliche Sch\u00e4den anrichten. In Zukunft sollten Absch\u00fcsse auch in Jagdverbotszonen erlaubt sein, wenn der Schutz der Alp- und Weidewirtschaft, der Lebensr\u00e4ume und der Biodiversit\u00e4t dies erfordert. Ein \u00e4hnlicher Antrag (<a href=\"https:\/\/www.parlament.ch\/fr\/ratsbetrieb\/suche-curia-vista\/geschaeft?AffairId=20253549\" data-cke-saved-href=\"https:\/\/www.parlament.ch\/fr\/ratsbetrieb\/suche-curia-vista\/geschaeft?AffairId=20253549\">25.3549<\/a>) geht ebenfalls in die richtige Richtung, indem er die gezielte Jagd auf Problemw\u00f6lfe im gesamten betroffenen Gebiet erlaubt. W\u00e4hrend der Bundesrat diese beiden Vorst\u00f6sse ablehnt, stellt sich die SVP-Fraktion klar auf die Seite der Landbev\u00f6lkerung. <strong>Der Mensch und seine Nutztiere m\u00fcssen Vorrang vor der Wolfsromantik haben.<\/strong><\/p>\n<p><strong>\u00abSVP nah bei Ihnen\u00bb in Engelberg<br \/>\n<\/strong>Nach ihrer Sitzung traf sich die parlamentarische Gruppe zu einem Austausch mit der lokalen Bev\u00f6lkerung. Neben der Obwaldner SVP-Nationalr\u00e4tin Monika R\u00fcegger und Bundesrat Guy Parmelin nahmen Dutzende von Mitgliedern der parlamentarischen Gruppe an diesem traditionellen, geselligen Treffen teil.<\/p>\n<p><strong>Wahl der Organe der SVP-Parlamentsfraktion<br \/>\n<\/strong>Die SVP-Fraktion hat auch die Wahl der Fraktionsorgane f\u00fcr die zweite H\u00e4lfte der Legislaturperiode (2026\/2027) vorgenommen: Nationalrat und SVP-Vizepr\u00e4sident Thomas Matter (ZH) tritt die Nachfolge des verstorbenen Alfred Heer (ZH) als Vizepr\u00e4sident der Fraktion an.<\/p>\n<div class=\"gallery galleryid-130619 gallery-columns-2 gallery-size-medium\">\n<dl class=\"gallery-item\">\n<dt class=\"gallery-icon portrait\">\n\t\t\t\t<a href=\"https:\/\/www.udc.ch\/wp-content\/uploads\/sites\/2\/2025-11-21-svpbideluet004.jpg\"><img loading=\"lazy\" decoding=\"async\" width=\"225\" height=\"300\" src=\"https:\/\/www.udc.ch\/wp-content\/uploads\/sites\/2\/2025-11-21-svpbideluet004-720x960.jpg\" class=\"attachment-medium size-medium\" alt=\"\" \/><\/a>\n\t\t\t<\/dt>\n<\/dl>\n<dl class=\"gallery-item\">\n<dt class=\"gallery-icon portrait\">\n\t\t\t\t<a href=\"https:\/\/www.udc.ch\/wp-content\/uploads\/sites\/2\/2025-11-21-svpbideluet000.jpg\"><img loading=\"lazy\" decoding=\"async\" width=\"169\" height=\"300\" src=\"https:\/\/www.udc.ch\/wp-content\/uploads\/sites\/2\/2025-11-21-svpbideluet000-720x1279.jpg\" class=\"attachment-medium size-medium\" alt=\"\" \/><\/a>\n\t\t\t<\/dt>\n<\/dl>\n<p><\/p>\n<dl class=\"gallery-item\">\n<dt class=\"gallery-icon portrait\">\n\t\t\t\t<a href=\"https:\/\/www.udc.ch\/wp-content\/uploads\/sites\/2\/2025-11-21-svpbideluet001.jpg\"><img loading=\"lazy\" decoding=\"async\" width=\"297\" height=\"300\" src=\"https:\/\/www.udc.ch\/wp-content\/uploads\/sites\/2\/2025-11-21-svpbideluet001-720x727.jpg\" class=\"attachment-medium size-medium\" alt=\"\" \/><\/a>\n\t\t\t<\/dt>\n<\/dl>\n<dl class=\"gallery-item\">\n<dt class=\"gallery-icon portrait\">\n\t\t\t\t<a href=\"https:\/\/www.udc.ch\/wp-content\/uploads\/sites\/2\/2025-11-21-svpbideluet002.jpg\"><img loading=\"lazy\" decoding=\"async\" width=\"169\" height=\"300\" src=\"https:\/\/www.udc.ch\/wp-content\/uploads\/sites\/2\/2025-11-21-svpbideluet002-720x1279.jpg\" class=\"attachment-medium size-medium\" alt=\"\" \/><\/a>\n\t\t\t<\/dt>\n<\/dl>\n<p>\n\t\t<\/p><\/div>\n<p><strong>Zusammensetzung des Vorstands der Parlamentarischen Gruppe 2026\/2027<\/strong><\/p>\n<table class=\"cke_show_border\" border=\"0\" width=\"100%\" cellspacing=\"0\" cellpadding=\"5\">\n<tbody>\n<tr>\n<td>Name<\/td>\n<td>Kanton<\/td>\n<td>Status \/ Funktion<\/td>\n<\/tr>\n<tr>\n<td>Thomas Aeschi<\/td>\n<td>ZG<\/td>\n<td>scheidendes Mitglied - Fraktionsvorsitzender<\/td>\n<\/tr>\n<tr>\n<td>Micha\u00ebl Buffat<\/td>\n<td>VD<\/td>\n<td>bisheriges Mitglied - stellvertretender Fraktionsvorsitzender<\/td>\n<\/tr>\n<tr>\n<td>Franz Gr\u00fcter<\/td>\n<td>LU<\/td>\n<td>bisheriges Mitglied - stellvertretender Fraktionsvorsitzender<\/td>\n<\/tr>\n<tr>\n<td>Stefanie Heimgartner<\/td>\n<td>AG<\/td>\n<td>bisheriges Mitglied - stellvertretende Fraktionsvorsitzende<\/td>\n<\/tr>\n<tr>\n<td>Thomas Matter<\/td>\n<td>ZH<\/td>\n<td>NEU - Stellvertretender Fraktionsvorsitzender<\/td>\n<\/tr>\n<tr>\n<td>Jakob Stark<\/td>\n<td>TG<\/td>\n<td>scheidendes Mitglied - Pr\u00e4sident der St\u00e4nderatsfraktion und Vizepr\u00e4sident der parlamentarischen Gruppe<\/td>\n<\/tr>\n<tr>\n<td>Marcel Dettling<\/td>\n<td>SZ<\/td>\n<td>scheidendes Mitglied - Pr\u00e4sident der SVP Schweiz<\/td>\n<\/tr>\n<tr>\n<td>Esther Friedli<\/td>\n<td>SG<\/td>\n<td>scheidendes Mitglied<\/td>\n<\/tr>\n<tr>\n<td>Andreas Glarner<\/td>\n<td>AG<\/td>\n<td>ausscheidendes Mitglied<\/td>\n<\/tr>\n<tr>\n<td>Erich Hess<\/td>\n<td>BE<\/td>\n<td>ausscheidendes Mitglied<\/td>\n<\/tr>\n<tr>\n<td>Christian Imark<\/td>\n<td>SO<\/td>\n<td>ausscheidendes Mitglied<\/td>\n<\/tr>\n<tr>\n<td>Nicolas Kolly<\/td>\n<td>DE<\/td>\n<td>ausscheidendes Mitglied<\/td>\n<\/tr>\n<tr>\n<td>Pirmin Schwander<\/td>\n<td>SZ<\/td>\n<td>ausscheidendes Mitglied<\/td>\n<\/tr>\n<tr>\n<td>Mauro Tuena<\/td>\n<td>ZH<\/td>\n<td>ausscheidendes Mitglied<\/td>\n<\/tr>\n<tr>\n<td>Pierre-Andr\u00e9 Page<\/td>\n<td>DE<\/td>\n<td>scheidendes Mitglied - Pr\u00e4sident des Nationalrats<\/td>\n<\/tr>\n<tr>\n<td>Werner Salzmann<\/td>\n<td>BE<\/td>\n<td>scheidendes Mitglied - Vizepr\u00e4sident des St\u00e4nderats<\/td>\n<\/tr>\n<tr>\n<td>Roland B\u00fcchel<\/td>\n<td>SG<\/td>\n<td>scheidendes Mitglied - Mitglied des Vorstands des Nationalrats<\/td>\n<\/tr>\n<tr>\n<td>Vroni Thalmann-Bieri<\/td>\n<td>LU<\/td>\n<td>scheidendes Mitglied - Mitglied des B\u00fcros des Nationalrats<\/td>\n<\/tr>\n<tr>\n<td>C\u00e9line Amaudruz<\/td>\n<td>GE<\/td>\n<td>scheidendes Mitglied - Vizepr\u00e4sidentin der SVP Schweiz<\/td>\n<\/tr>\n<tr>\n<td>Magdalena Martullo-Blocher<\/td>\n<td>GR<\/td>\n<td>scheidendes Mitglied - Vizepr\u00e4sidentin der SVP Schweiz<\/td>\n<\/tr>\n<tr>\n<td>Franz Gr\u00fcter<\/td>\n<td>LU<\/td>\n<td>ausscheidendes Mitglied - Mitglied des Vorstands der SVP Schweiz<\/td>\n<\/tr>\n<tr>\n<td>Sandra Sollberger<\/td>\n<td>BL<\/td>\n<td>scheidendes Mitglied - Mitglied der Gesch\u00e4ftsleitung der SVP Schweiz<\/td>\n<\/tr>\n<tr>\n<td>Manuel Strupler<\/td>\n<td>TG<\/td>\n<td>ausscheidendes Mitglied - Mitglied des Vorstands der SVP Schweiz<\/td>\n<\/tr>\n<tr>\n<td>Guy Parmelin<\/td>\n<td>VD<\/td>\n<td>scheidendes Mitglied - Bundesrat<\/td>\n<\/tr>\n<tr>\n<td>Albert R\u00f6sti<\/td>\n<td>BE<\/td>\n<td>scheidendes Mitglied - Bundesrat<\/td>\n<\/tr>\n<\/tbody>\n<\/table>","protected":false},"excerpt":{"rendered":"<p>L\u2019UDC a largement influenc\u00e9 la r\u00e9vision de la loi sur le mat\u00e9riel de guerre (25.024). D\u00e8s le d\u00e9but, elle s\u2019est engag\u00e9e en faveur d\u2019une suppression des restrictions \u00e0 l\u2019exportation conforme \u00e0 la neutralit\u00e9. La r\u00e9vision de la loi sur le [&hellip;]<\/p>\n","protected":false},"author":1,"featured_media":0,"comment_status":"","ping_status":"","sticky":false,"template":"","format":"standard","meta":{"footnotes":""},"categories":[60],"tags":[],"class_list":["post-7864","post","type-post","status-publish","format-standard","hentry","category-non-classifiee"],"_links":{"self":[{"href":"https:\/\/judc-fr.ch\/de\/wp-json\/wp\/v2\/posts\/7864","targetHints":{"allow":["GET"]}}],"collection":[{"href":"https:\/\/judc-fr.ch\/de\/wp-json\/wp\/v2\/posts"}],"about":[{"href":"https:\/\/judc-fr.ch\/de\/wp-json\/wp\/v2\/types\/post"}],"author":[{"embeddable":true,"href":"https:\/\/judc-fr.ch\/de\/wp-json\/wp\/v2\/users\/1"}],"replies":[{"embeddable":true,"href":"https:\/\/judc-fr.ch\/de\/wp-json\/wp\/v2\/comments?post=7864"}],"version-history":[{"count":0,"href":"https:\/\/judc-fr.ch\/de\/wp-json\/wp\/v2\/posts\/7864\/revisions"}],"wp:attachment":[{"href":"https:\/\/judc-fr.ch\/de\/wp-json\/wp\/v2\/media?parent=7864"}],"wp:term":[{"taxonomy":"category","embeddable":true,"href":"https:\/\/judc-fr.ch\/de\/wp-json\/wp\/v2\/categories?post=7864"},{"taxonomy":"post_tag","embeddable":true,"href":"https:\/\/judc-fr.ch\/de\/wp-json\/wp\/v2\/tags?post=7864"}],"curies":[{"name":"wp","href":"https:\/\/api.w.org\/{rel}","templated":true}]}}