{"id":7863,"date":"2025-11-19T16:15:49","date_gmt":"2025-11-19T15:15:49","guid":{"rendered":"https:\/\/judc-fr.ch\/2025\/11\/19\/la-clause-de-sauvegarde-ne-vaut-meme-pas-le-papier-sur-lequel-elle-est-ecrite\/"},"modified":"2025-11-19T16:15:49","modified_gmt":"2025-11-19T15:15:49","slug":"la-clause-de-sauvegarde-ne-vaut-meme-pas-le-papier-sur-lequel-elle-est-ecrite","status":"publish","type":"post","link":"https:\/\/judc-fr.ch\/de\/2025\/11\/19\/la-clause-de-sauvegarde-ne-vaut-meme-pas-le-papier-sur-lequel-elle-est-ecrite\/","title":{"rendered":"Die \u00abSchutzklausel\u00bb ist nicht einmal das Papier wert, auf dem sie geschrieben steht!"},"content":{"rendered":"<p>Der Bundesrat pr\u00e4sentiert die \u00abSchutzklausel\u00bb als Mittel, um die \u00fcberm\u00e4\u00dfige Einwanderung zu bremsen. <strong>Dies ist in Wirklichkeit nur ein Placebo.\u00a0<\/strong><\/p>\n<p>Was genau ist diese \u00abSchutzklausel\u00bb?<\/p>\n<p>Diese soll es uns erm\u00f6glichen, die Einwanderung vor\u00fcbergehend zu begrenzen, und zwar nur \u00abim Falle schwerwiegender wirtschaftlicher oder sozialer Probleme\u00bb. So steht es im Vertrag \u00fcber den Beitritt zur EU. Allerdings kann die Schweiz <strong>nicht allein entscheiden<\/strong> die besagte Schutzklausel anzuwenden oder nicht. Wir m\u00fcssen zuerst die Genehmigung des Gemischten Ausschusses einholen. Konkret bedeutet dies, dass die Schweiz nur handeln kann, wenn Br\u00fcssel seine Zustimmung gibt.<\/p>\n<p><strong>Es handelt sich also nicht um eine Schutzklausel, sondern um eine Genehmigungsklausel<\/strong>.<\/p>\n<p>Selbst wenn die Schutzklausel angewendet w\u00fcrde, w\u00e4re sie zeitlich, mengenm\u00e4\u00dfig und politisch streng begrenzt. Die EU h\u00e4tte dann das Recht, ihre ber\u00fcchtigten <strong>\u00abAusgleichsma\u00dfnahmen\u00bb, <\/strong>die ebenfalls im Vertrag festgeschrieben sind (mit \u00abAusgleichsma\u00dfnahmen\u00bb sind nat\u00fcrlich \u00abSanktionen\u00bb gemeint). Die Schweiz w\u00fcrde also bestraft, wenn sie ihre Interessen sch\u00fctzen w\u00fcrde!<\/p>\n<p><strong>Die Schweizer Bev\u00f6lkerung get\u00e4uscht<\/strong><br \/>\nDer Bundesrat behauptet nun, dass es dar\u00fcber hinaus eine <strong>\u00abeinseitige Schutzklausel\u00bb<\/strong> im Schweizer Recht verankert. Diese soll den Eindruck erwecken: \u00abSeht her, wir k\u00f6nnen auch unabh\u00e4ngig handeln\u00bb. Aber auch hier handelt es sich um ein symbolisches politisches Man\u00f6ver, denn diese Klausel macht nur <strong>nicht Teil des Vertrags<\/strong> <strong>und Br\u00fcssel sie daher nicht anerkennt. <\/strong>W\u00fcrde der Bundesrat diese einseitige Schutzklausel aktivieren, w\u00fcrde er das EU-Beitrittsabkommen verletzen, und die EU k\u00f6nnte uns dann sofort Sanktionen auferlegen.<\/p>\n<p>Zusammengefasst:<\/p>\n<ul>\n<li>Die <strong>vertragliche Schutzklausel<\/strong> ist unwirksam, da sie nur mit Zustimmung der EU angewendet werden kann ;<\/li>\n<li>Die \u00ab<strong> einseitige Schutzklausel \u00bb<\/strong> ist wirkungslos, da sie keine G\u00fcltigkeit im internationalen Recht hat ;<\/li>\n<li>Beides zusammen \u00e4ndert nichts an der <strong>freier Personenverkehr mit der EU<\/strong>, Diese Regelung gilt auch weiterhin uneingeschr\u00e4nkt.<\/li>\n<\/ul>\n<div>Die Wahrheit ist, dass diese Klauseln keine Sicherheit schaffen, sondern eine <strong>Kontrollillusion<\/strong>. Sie t\u00e4uschen Handlungsf\u00e4higkeit vor, w\u00e4hrend in Wirklichkeit Br\u00fcssel die volle Entscheidungsbefugnis haben wird. Die \u00fcberm\u00e4\u00dfige Einwanderung wird weitergehen und sogar noch zunehmen.<\/div>\n<div>Der Bundesrat und die anderen Parteien wollen die Schweizer Bev\u00f6lkerung mit diesen ber\u00fchmten \u00abSchutzklauseln\u00bb t\u00e4uschen. <strong>Nicht mit uns! Nein zum EU-Beitrittsvertrag\u00a0<\/strong>!<\/div>","protected":false},"excerpt":{"rendered":"<p>Le Conseil f\u00e9d\u00e9ral pr\u00e9sente la \u00ab clause de sauvegarde \u00bb comme un moyen de freiner l\u2019immigration excessive. Ce n\u2019est en r\u00e9alit\u00e9 qu\u2019un plac\u00e9bo.\u00a0 Qu\u2019est-ce que cette \u00ab clause de sauvegarde \u00bb exactement ? Cette derni\u00e8re est sens\u00e9e nous permettre de [&hellip;]<\/p>\n","protected":false},"author":1,"featured_media":0,"comment_status":"","ping_status":"","sticky":false,"template":"","format":"standard","meta":{"footnotes":""},"categories":[60],"tags":[],"class_list":["post-7863","post","type-post","status-publish","format-standard","hentry","category-non-classifiee"],"_links":{"self":[{"href":"https:\/\/judc-fr.ch\/de\/wp-json\/wp\/v2\/posts\/7863","targetHints":{"allow":["GET"]}}],"collection":[{"href":"https:\/\/judc-fr.ch\/de\/wp-json\/wp\/v2\/posts"}],"about":[{"href":"https:\/\/judc-fr.ch\/de\/wp-json\/wp\/v2\/types\/post"}],"author":[{"embeddable":true,"href":"https:\/\/judc-fr.ch\/de\/wp-json\/wp\/v2\/users\/1"}],"replies":[{"embeddable":true,"href":"https:\/\/judc-fr.ch\/de\/wp-json\/wp\/v2\/comments?post=7863"}],"version-history":[{"count":0,"href":"https:\/\/judc-fr.ch\/de\/wp-json\/wp\/v2\/posts\/7863\/revisions"}],"wp:attachment":[{"href":"https:\/\/judc-fr.ch\/de\/wp-json\/wp\/v2\/media?parent=7863"}],"wp:term":[{"taxonomy":"category","embeddable":true,"href":"https:\/\/judc-fr.ch\/de\/wp-json\/wp\/v2\/categories?post=7863"},{"taxonomy":"post_tag","embeddable":true,"href":"https:\/\/judc-fr.ch\/de\/wp-json\/wp\/v2\/tags?post=7863"}],"curies":[{"name":"wp","href":"https:\/\/api.w.org\/{rel}","templated":true}]}}