{"id":7862,"date":"2025-11-17T16:25:43","date_gmt":"2025-11-17T15:25:43","guid":{"rendered":"https:\/\/judc-fr.ch\/2025\/11\/17\/pas-dexperimentations-de-gauche-avec-la-securite-de-la-suisse\/"},"modified":"2025-11-17T16:25:43","modified_gmt":"2025-11-17T15:25:43","slug":"pas-dexperimentations-de-gauche-avec-la-securite-de-la-suisse","status":"publish","type":"post","link":"https:\/\/judc-fr.ch\/de\/2025\/11\/17\/pas-dexperimentations-de-gauche-avec-la-securite-de-la-suisse\/","title":{"rendered":"Keine linken Experimente mit der Sicherheit der Schweiz"},"content":{"rendered":"<p>Die Initiative \u00abB\u00fcrgerdienst\u00bb ebnet den Weg f\u00fcr ein Experiment, das f\u00fcr unsere innere und \u00e4u\u00dfere Sicherheit gef\u00e4hrlich ist, und schw\u00e4cht einen wichtigen Pfeiler, auf dem unser Land ruht: die Wehrpflicht.<\/p>\n<p>Heute garantiert die Wehrpflicht das reibungslose Funktionieren unseres\u00a0<strong>Armee<\/strong>, und bew\u00e4hrt. Jeder kennt seine Rolle. Wer diensttauglich ist, leistet seinen Dienst in der Armee oder im Zivilschutz. Unsere Verteidigung ist somit\u00a0<strong>Garantie<\/strong>, selbst in Krisenzeiten. Dieses klare und bew\u00e4hrte System hat die\u00a0<strong>Schweiz, unabh\u00e4ngig zu bleiben<\/strong>\u00a0auf politischer, wirtschaftlicher und milit\u00e4rischer Ebene \u00fcber Generationen hinweg.<\/p>\n<p><strong>Die Initiative zielt darauf ab, dieses System abzuschaffen.<\/strong>\u00a0In Zukunft sollen alle Frauen und M\u00e4nner frei w\u00e4hlen k\u00f6nnen, ob sie ihren Dienst in der Armee, im Pflegebereich, in der Betreuung oder im \u00abKlimaschutz\u00bb leisten wollen. Das klingt modern, ist aber\u00a0<strong>extrem gef\u00e4hrlich.<\/strong>\u00a0Denn wenn jeder selbst entscheidet, wo er dienen m\u00f6chte, wird es bald keine Soldaten mehr geben. Die Armee wird ihre Basis verlieren und mit ihr die Schweiz ihre Sicherheit.<\/p>\n<p><strong>Unsere Armee ist kein w\u00fcnschenswertes gesellschaftliches Projekt,<\/strong>\u00a0sondern eine Notwendigkeit. Ohne sie sind wir verwundbar. Ohne sie sind wir von anderen abh\u00e4ngig. Und wer auf fremde Hilfe angewiesen ist, verliert seine Freiheit. Deshalb d\u00fcrfen wir nicht\u00a0<strong>nicht<\/strong>\u00a0die Wehrpflicht relativieren oder abschw\u00e4chen.<\/p>\n<p>Soziale und \u00f6kologische Aufgaben k\u00f6nnen wertvoll sein, d\u00fcrfen aber niemals auf Kosten der Landesverteidigung gehen. L\u2019<strong>Armee<\/strong>\u00a0ist die\u00a0<strong>Garant f\u00fcr Frieden, Freiheit und Unabh\u00e4ngigkeit<\/strong>. Sie ist kein Relikt, sondern unsere Lebensversicherung.<\/p>\n<p>Deshalb ist f\u00fcr mich eines klar:\u00a0<strong>am 30. November werde ich entschieden NEIN zur Initiative \u00abB\u00fcrgerdienst\u00bb stimmen!<\/strong><\/p>","protected":false},"excerpt":{"rendered":"<p>L\u2019initiative \u00ab Service citoyen \u00bb ouvre la voie \u00e0 une exp\u00e9rience dangereuse pour notre s\u00e9curit\u00e9 int\u00e9rieure et ext\u00e9rieure et affaiblit un pilier important sur lequel repose notre pays : le service militaire obligatoire. Aujourd\u2019hui, le service militaire obligatoire garantit le [&hellip;]<\/p>\n","protected":false},"author":1,"featured_media":0,"comment_status":"","ping_status":"","sticky":false,"template":"","format":"standard","meta":{"footnotes":""},"categories":[60],"tags":[],"class_list":["post-7862","post","type-post","status-publish","format-standard","hentry","category-non-classifiee"],"_links":{"self":[{"href":"https:\/\/judc-fr.ch\/de\/wp-json\/wp\/v2\/posts\/7862","targetHints":{"allow":["GET"]}}],"collection":[{"href":"https:\/\/judc-fr.ch\/de\/wp-json\/wp\/v2\/posts"}],"about":[{"href":"https:\/\/judc-fr.ch\/de\/wp-json\/wp\/v2\/types\/post"}],"author":[{"embeddable":true,"href":"https:\/\/judc-fr.ch\/de\/wp-json\/wp\/v2\/users\/1"}],"replies":[{"embeddable":true,"href":"https:\/\/judc-fr.ch\/de\/wp-json\/wp\/v2\/comments?post=7862"}],"version-history":[{"count":0,"href":"https:\/\/judc-fr.ch\/de\/wp-json\/wp\/v2\/posts\/7862\/revisions"}],"wp:attachment":[{"href":"https:\/\/judc-fr.ch\/de\/wp-json\/wp\/v2\/media?parent=7862"}],"wp:term":[{"taxonomy":"category","embeddable":true,"href":"https:\/\/judc-fr.ch\/de\/wp-json\/wp\/v2\/categories?post=7862"},{"taxonomy":"post_tag","embeddable":true,"href":"https:\/\/judc-fr.ch\/de\/wp-json\/wp\/v2\/tags?post=7862"}],"curies":[{"name":"wp","href":"https:\/\/api.w.org\/{rel}","templated":true}]}}