{"id":7854,"date":"2025-10-25T15:58:57","date_gmt":"2025-10-25T14:58:57","guid":{"rendered":"https:\/\/judc-fr.ch\/2025\/10\/25\/lue-veut-mettre-la-main-sur-notre-miel\/"},"modified":"2025-10-25T15:58:57","modified_gmt":"2025-10-25T14:58:57","slug":"lue-veut-mettre-la-main-sur-notre-miel","status":"publish","type":"post","link":"https:\/\/judc-fr.ch\/de\/2025\/10\/25\/lue-veut-mettre-la-main-sur-notre-miel\/","title":{"rendered":"\"Die EU will sich unseren Honig unter den Nagel rei\u00dfen!\""},"content":{"rendered":"<p><img loading=\"lazy\" decoding=\"async\" class=\"wp-image-130314 alignnone\" src=\"https:\/\/www.udc.ch\/wp-content\/uploads\/sites\/2\/Honig_FR.jpg\" alt=\"\" width=\"647\" height=\"364\" \/><\/p>\n<p>Die Schweizer EU-Bef\u00fcrworter wollen den Unterwerfungsvertrag um jeden Preis durchsetzen. Zu diesem Schluss kam der Parteivorsitzende <strong>Marcel Dettling<\/strong> vor den Delegierten der SVP Schweiz in Wimmis (BE) : <strong>\" Sie wollen kein Referendum. Sie t\u00e4uschen und manipulieren die Schweizer Bev\u00f6lkerung\".<\/strong> Heute spricht man von einer \"Schutzklausel\" gegen \u00fcberm\u00e4\u00dfige Einwanderung, doch in Wirklichkeit handelt es sich dabei um eine wirkungslose Beruhigungspille.<\/p>\n<p>Der Wirtschaftsverband Economiesuisse behauptet, unsere demokratischen Rechte w\u00fcrden \"intakt\" bleiben. Laut Marcel Dettling handelt es sich auch hierbei um eine schamlose T\u00e4uschung. \"Die Schweiz wird im Prinzip europ\u00e4isches Recht \u00fcbernehmen und sich der Rechtsprechung des Europ\u00e4ischen Gerichtshofs unterwerfen m\u00fcssen. Und wenn wir uns nicht f\u00fcgsam anpassen, kann die EU uns sanktionieren. Das hat mit unserer direkten Demokratie nichts mehr zu tun\". Unter dem Applaus der Delegierten schloss Marcel Dettling seine Rede mit den Worten: \"Wir m\u00fcssen diese Betr\u00fcger und T\u00e4uscher in der EU entlarven.\"<\/p>\n<p><strong>Die Vizepr\u00e4sidentin C\u00e9line Amaudruz<\/strong> bezeichnete die \"Koh\u00e4sionsmilliarden\", die an die EU gezahlt werden, als \"Schande\". \"Im Mittelalter verlangten die Feudalherren Tribute von ihren Vasallen\". Laut der Genfer Nationalr\u00e4tin kann man die Unterwerfung der Schweiz unter Br\u00fcssel nicht deutlicher symbolisieren.<\/p>\n<p><strong>Was enth\u00e4lt der EU-Beitrittsvertrag?<\/strong><\/p>\n<p>Mehrere Nationalr\u00e4te stellten anschlie\u00dfend den Inhalt des 2'207 Seiten umfassenden Vertrags vor. Der Nationalrat <strong>Gregor Rutz<\/strong> (ZH) sprach \u00fcber die institutionelle Unterordnung der Schweiz, Nationalrat <strong>Yvan Pahud<\/strong> (VD) der Einwanderung, der Nationalrat <strong>Martin H\u00fcbscher<\/strong> (ZH) f\u00fcr Landwirtschaft und Lebensmittelrecht, der Nationalrat <strong>Benjamin Giezendanner<\/strong> (AG) sprach \u00fcber das Landverkehrsabkommen, Nationalrat <strong>Lars Guggisberg<\/strong> (BE) Kosten in H\u00f6he von mehreren Milliarden und die beiden Solothurner Nationalr\u00e4te <strong>Christian Imark<\/strong> und <strong>R\u00e9my Wyssmann<\/strong> Abkommen \u00fcber Elektrizit\u00e4t und Gesundheit.<\/p>\n<p><strong>Der Fraktionsvorsitzende Thomas Aeschi zieht eine klare Schlussfolgerung:<\/strong> \"Mit diesem EU-Beitrittsabkommen versucht die politische Klasse erneut, die Schweiz schleichend in die EU zu ziehen und die Schweizer Bev\u00f6lkerung ihres Entscheidungsrechts zu berauben. Es gibt nur eine Antwort auf dieses monstr\u00f6se Abkommen: ein entschiedenes Nein im Parlament, an der Urne und durch die Kantone!\"<\/p>\n<p><strong>Das Abkommen mit der EU muss dem Volk und den St\u00e4nden vorgelegt werden!<\/strong><\/p>\n<p>Auch der Schwyzer Regierungsrat Xaver Schuler richtete sich an die Delegierten. Sein Kanton lehne die dynamische \u00dcbernahme von EU-Recht ab, da dies das \"h\u00f6chste Gut des Landes\", n\u00e4mlich die Demokratie und die Selbstbestimmung, aush\u00f6hlen w\u00fcrde. Dies gelte auch f\u00fcr die Kantone. \"Die Konsultationen bei den Kantonen werden zu Alibi-Umfragen degradiert\", meint Xavier Schuler. \"Eine grunds\u00e4tzlich negative Haltung der Kantone ist nicht mehr relevant. Zwar wird das Recht der Kantone, kantonale Initiativen einzureichen oder ein Kantonsreferendum zu ergreifen, auf dem Papier weiterhin g\u00fcltig sein, aber die damit verbundenen Volksabstimmungen werden mangels echter Abstimmungsfreiheit zu Alibi-Volksabstimmungen verkommen.\"<\/p>\n<p>Auch Regierungsrat Xaver Schuler bezog klar Stellung zum St\u00e4ndemehr: \"Die Schweiz, das sind die Kantone und das Volk, und deshalb d\u00fcrfen die Kantone bei dieser entscheidenden Abstimmung nicht ausgeschlossen werden.\"<\/p>\n<p><strong>Einwanderung: Qualit\u00e4t statt Quantit\u00e4t<\/strong><\/p>\n<p>Wie wirkt sich die europ\u00e4ische Einwanderung auf den Wohlstand der Schweiz aus? Seit 2022 stagniert das Wirtschaftswachstum pro Kopf, so der Gastredner, der <strong>Professor Christoph Schaltegger<\/strong>in ihrem Vortrag. Gleichzeitig machen sich die negativen Auswirkungen der Zuwanderung im Bereich der Infrastruktur (\u00fcberm\u00e4\u00dfige Dichte, sinkende Qualit\u00e4t des Angebots) und der sozialen Dienste bemerkbar. Laut Christoph Schaltegger ist ein \"Pull-Effekt\" zu ber\u00fccksichtigen: \"L\u00e4nder mit einem grossz\u00fcgigen Sozialsystem \u00fcben eine Anziehungskraft auf Immigranten aus.\" Der Wirtschaftsprofessor aus Luzern fordert eine Debatte ohne Scheuklappen, insbesondere \u00fcber folgende Frage: Wie hoch sind die sozialen Kosten der Einwanderung?<\/p>\n<p><strong>\"Die EU will sich unseren Honig unter den Nagel rei\u00dfen!\"<\/strong><\/p>\n<p>Vor dem Mittagessen erlebten die SVP-Delegierten eine Auktion der besonderen Art. Ein Imker aus Z\u00fcrich spendete der SVP Schweiz 50 Kilogramm seines eigenen Honigs. Er m\u00f6chte anonym bleiben, aber den Kampf f\u00fcr die Unabh\u00e4ngigkeit der Schweiz unterst\u00fctzen. Unter dem Titel \"Die EU will unsere Honigt\u00f6pfe \u00fcbernehmen!\" versteigerte der ehemalige Nationalrat Res Aebi unter tosendem Applaus die ersten drei Honigt\u00f6pfe. Die 5'000 Franken, die bei der Versteigerung eingenommen wurden, kommen der Kampagne gegen den EU-Beitrittsvertrag zugute.<\/p>\n<p>Generalsekret\u00e4r Henrique Schneider informierte die Delegierten, dass die SVP-Fraktion im Rahmen der Vernehmlassung zum Vertragspaket mit der EU die folgenden drei Antr\u00e4ge stellen wird:<\/p>\n<ul>\n<li><strong>\u00dcbung abbrechen!<\/strong> Wir wollen keine Vertr\u00e4ge, in denen wir das Recht und die Richter der Gegenseite \u00fcbernehmen m\u00fcssen.<\/li>\n<li>Wir wollen einen <strong>obligatorisches Referendum,<\/strong> d.h. die doppelte Mehrheit des Volkes und der Kantone - also derjenigen, die unsere Schweizer Demokratie ausmachen<\/li>\n<li>Wir wollen <strong>\u00fcber den Europ\u00e4ischen Pakt als Ganzes abstimmen.<\/strong> Das Aufteilen in verschiedene Pakete ist eine reine Salamitaktik und v\u00f6llig unehrlich.<\/li>\n<\/ul>\n<p>360 Delegierte und 98 G\u00e4ste nahmen an der Versammlung in Wimmis (BE) teil.<\/p>","protected":false},"excerpt":{"rendered":"<p>Les partisans suisses de l\u2019UE veulent faire passer \u00e0 tout prix le trait\u00e9 de soumission. C\u2019est la conclusion \u00e0 laquelle est parvenu le pr\u00e9sident du parti Marcel Dettling devant les d\u00e9l\u00e9gu\u00e9s de l\u2019UDC Suisse \u00e0 Wimmis (BE) : \u00ab Ils [&hellip;]<\/p>\n","protected":false},"author":1,"featured_media":0,"comment_status":"","ping_status":"","sticky":false,"template":"","format":"standard","meta":{"footnotes":""},"categories":[60],"tags":[],"class_list":["post-7854","post","type-post","status-publish","format-standard","hentry","category-non-classifiee"],"_links":{"self":[{"href":"https:\/\/judc-fr.ch\/de\/wp-json\/wp\/v2\/posts\/7854","targetHints":{"allow":["GET"]}}],"collection":[{"href":"https:\/\/judc-fr.ch\/de\/wp-json\/wp\/v2\/posts"}],"about":[{"href":"https:\/\/judc-fr.ch\/de\/wp-json\/wp\/v2\/types\/post"}],"author":[{"embeddable":true,"href":"https:\/\/judc-fr.ch\/de\/wp-json\/wp\/v2\/users\/1"}],"replies":[{"embeddable":true,"href":"https:\/\/judc-fr.ch\/de\/wp-json\/wp\/v2\/comments?post=7854"}],"version-history":[{"count":0,"href":"https:\/\/judc-fr.ch\/de\/wp-json\/wp\/v2\/posts\/7854\/revisions"}],"wp:attachment":[{"href":"https:\/\/judc-fr.ch\/de\/wp-json\/wp\/v2\/media?parent=7854"}],"wp:term":[{"taxonomy":"category","embeddable":true,"href":"https:\/\/judc-fr.ch\/de\/wp-json\/wp\/v2\/categories?post=7854"},{"taxonomy":"post_tag","embeddable":true,"href":"https:\/\/judc-fr.ch\/de\/wp-json\/wp\/v2\/tags?post=7854"}],"curies":[{"name":"wp","href":"https:\/\/api.w.org\/{rel}","templated":true}]}}