{"id":7852,"date":"2025-10-24T09:27:10","date_gmt":"2025-10-24T08:27:10","guid":{"rendered":"https:\/\/judc-fr.ch\/2025\/10\/24\/halte-a-la-prise-dotage-climatique-sauvons-le-modele-suisse\/"},"modified":"2025-10-24T09:27:10","modified_gmt":"2025-10-24T08:27:10","slug":"halte-a-la-prise-dotage-climatique-sauvons-le-modele-suisse","status":"publish","type":"post","link":"https:\/\/judc-fr.ch\/de\/2025\/10\/24\/halte-a-la-prise-dotage-climatique-sauvons-le-modele-suisse\/","title":{"rendered":"Stopp der Klima-Geiselnahme - retten wir das Schweizer Modell!"},"content":{"rendered":"<p class=\"p1\">Die Linke behauptet, dass diese Steuer nur die \"Ultrareichen\" treffen w\u00fcrde. Das ist nicht wahr. Sie w\u00fcrde Familienunternehmen, Landwirte, Handwerker und KMU, die S\u00e4ulen unseres Wohlstands, direkt treffen. Der Reichtum in der Schweiz befindet sich nicht in Tresoren voller Gold, sondern in den Werkst\u00e4tten, auf den Feldern und in den Unternehmen, in denen t\u00e4glich Tausende von M\u00e4nnern und Frauen arbeiten.<\/p>\n<p class=\"p1\">Wenn ein Unternehmer sein Unternehmen an seine Kinder \u00fcbertr\u00e4gt, betr\u00e4gt der Steuerwert oft mehr als 50 Millionen. Bei einer Steuer von 50 % m\u00fcsste er einen Teil seines Unternehmens verkaufen, um den Staat zu bezahlen. Das Ergebnis: Insolvenzen, Arbeitsplatzverluste und der Verkauf von Schweizer Unternehmen an ausl\u00e4ndisches Kapital. Das w\u00e4re der langsame Tod unserer lokalen Wirtschaftsstruktur.<br \/>\nDie Initiative der Jungsozialisten bestraft Erfolg, leugnet Anstrengung und verwandelt Neid in ein politisches Programm. Der wahre Motor der Schweiz ist die individuelle Verantwortung, nicht die staatliche Beschlagnahmung.<\/p>\n<p class=\"p1\"><b>Falsche Gleichheit, echte Gefahr<\/b><\/p>\n<p class=\"p1\">Man verspricht eine gerechte Umverteilung, um den \"\u00f6kologischen \u00dcbergang\" zu finanzieren. Doch dieses Gerede ist nur eine Nebelwand. Die Erfahrung zeigt, dass Zusatzsteuern die Unternehmer vertreiben und die \u00f6ffentlichen Kassen austrocknen. Frankreich hat es vorgemacht: Die Wohlhabenden wandern ab, Arbeitspl\u00e4tze gehen verloren, und die Mittelschicht zahlt die Rechnung.<\/p>\n<p class=\"p1\">In der Schweiz tragen die gro\u00dfen Verm\u00f6gen bereits entscheidend zur Finanzierung des Staates bei. Wenn sie abwandern, entstehen Steuerausf\u00e4lle in Milliardenh\u00f6he, die von der Bev\u00f6lkerung ausgeglichen werden m\u00fcssen. Die Initiative w\u00fcrde die Grundlage unseres Wohlstands zerst\u00f6ren: Stabilit\u00e4t, Vertrauen und wirtschaftliche Freiheit.<\/p>\n<p class=\"p1\">Anstatt die Schaffung von Wohlstand zu f\u00f6rdern, will die Linke ihn bestrafen. Anstatt Verdienste zu w\u00fcrdigen, verherrlicht sie Abh\u00e4ngigkeit. Das ist eine v\u00f6llige Umkehrung unserer Grundwerte.<\/p>\n<p class=\"p1\"><b>Verteidigen wir unsere Zukunft, nicht eine Ideologie<\/b><\/p>\n<p class=\"p1\">Diese Initiative hat nichts mit einem Zukunftsprojekt zu tun. Sie ist ein R\u00fcckschritt in Richtung einer beispiellosen wirtschaftlichen Katastrophe, die nach unten nivelliert und von der Arbeit entmutigt: Sozialismus. Sie w\u00fcrde unsere Unternehmen, unsere Arbeitspl\u00e4tze und unsere wirtschaftliche Autonomie gef\u00e4hrden.<\/p>\n<p class=\"p1\">Am 30. November m\u00fcssen wir ein klares Signal aussenden: Die Schweiz wird sich nicht dem Neid oder dem Kollektivismus beugen. Wir glauben an die Freiheit des Unternehmertums, an individuelle Verantwortung und an den Verdienst.<\/p>\n<p class=\"p1\">Sch\u00fctzen wir unsere KMU, unsere Familien und unseren Wohlstand. Verweigern wir die Steuer der Enteignung und sagen wir NEIN zu dieser ideologischen Initiative, die das niederrei\u00dfen will, was Generationen durch Arbeit und Mut aufgebaut haben.<\/p>","protected":false},"excerpt":{"rendered":"<p>La gauche pr\u00e9tend que cet imp\u00f4t ne toucherait que les \u00ab ultra-riches \u00bb. C\u2019est faux. Ce projet frapperait directement les entreprises familiales, les agriculteurs, les artisans et les PME, piliers de notre prosp\u00e9rit\u00e9. La richesse, en Suisse, ne se trouve [&hellip;]<\/p>\n","protected":false},"author":1,"featured_media":0,"comment_status":"","ping_status":"","sticky":false,"template":"","format":"standard","meta":{"footnotes":""},"categories":[60],"tags":[],"class_list":["post-7852","post","type-post","status-publish","format-standard","hentry","category-non-classifiee"],"_links":{"self":[{"href":"https:\/\/judc-fr.ch\/de\/wp-json\/wp\/v2\/posts\/7852","targetHints":{"allow":["GET"]}}],"collection":[{"href":"https:\/\/judc-fr.ch\/de\/wp-json\/wp\/v2\/posts"}],"about":[{"href":"https:\/\/judc-fr.ch\/de\/wp-json\/wp\/v2\/types\/post"}],"author":[{"embeddable":true,"href":"https:\/\/judc-fr.ch\/de\/wp-json\/wp\/v2\/users\/1"}],"replies":[{"embeddable":true,"href":"https:\/\/judc-fr.ch\/de\/wp-json\/wp\/v2\/comments?post=7852"}],"version-history":[{"count":0,"href":"https:\/\/judc-fr.ch\/de\/wp-json\/wp\/v2\/posts\/7852\/revisions"}],"wp:attachment":[{"href":"https:\/\/judc-fr.ch\/de\/wp-json\/wp\/v2\/media?parent=7852"}],"wp:term":[{"taxonomy":"category","embeddable":true,"href":"https:\/\/judc-fr.ch\/de\/wp-json\/wp\/v2\/categories?post=7852"},{"taxonomy":"post_tag","embeddable":true,"href":"https:\/\/judc-fr.ch\/de\/wp-json\/wp\/v2\/tags?post=7852"}],"curies":[{"name":"wp","href":"https:\/\/api.w.org\/{rel}","templated":true}]}}