{"id":7851,"date":"2025-10-24T17:56:06","date_gmt":"2025-10-24T16:56:06","guid":{"rendered":"https:\/\/judc-fr.ch\/2025\/10\/24\/beat-jans-et-ses-fonctionnaires-dissimulateurs\/"},"modified":"2025-10-24T17:56:06","modified_gmt":"2025-10-24T16:56:06","slug":"beat-jans-et-ses-fonctionnaires-dissimulateurs","status":"publish","type":"post","link":"https:\/\/judc-fr.ch\/de\/2025\/10\/24\/beat-jans-et-ses-fonctionnaires-dissimulateurs\/","title":{"rendered":"Beat Jans und seine verdeckten Beamten"},"content":{"rendered":"<p>Worum genau geht es bei der Initiative \"B\u00fcrgerdienst\", \u00fcber die am 30. November 2025 abgestimmt wird? Laut den Initiatoren sollen k\u00fcnftig alle Frauen und Jugendlichen eine Art \"Dienst an der Gesellschaft\" leisten, sei es bei der Feuerwehr, in der Verwaltung oder bei NGOs. Auf den ersten Blick klingt das modern und richtig, doch in Wahrheit w\u00fcrde es die Wehrpflicht in der Schweiz noch weiter schw\u00e4chen. Sollte diese Initiative angenommen werden, w\u00fcrde sie unsere Armee schw\u00e4chen und die Sicherheit der Schweiz gef\u00e4hrden; unsere Sicherheit darf nicht gegen soziale Projekte ausgespielt werden. Die Parteileitung empfiehlt daher einstimmig, die Initiative abzulehnen.<\/p>\n<p><strong>Ausl\u00e4nderkriminalit\u00e4t verschleiert?<br \/>\n<\/strong>Die Kriminalit\u00e4t in der Schweiz ist in den letzten f\u00fcnf Jahren um 30% gestiegen. 73% der in Schweizer Gef\u00e4ngnissen inhaftierten Straft\u00e4ter sind Ausl\u00e4nder. Asylsuchende Migranten, illegale Einwanderer, Kriminaltouristen und bestimmte Nationalit\u00e4ten sind massiv \u00fcberrepr\u00e4sentiert. Und was macht der zust\u00e4ndige Justizminister, der Sozialist Beat Jans? Seine Beamten wollten den kantonalen Polizeien verbieten, die Hautfarbe weiterhin im nationalen Fahndungssystem zu verwenden. Die SVP wehrte sich im Parlament erfolgreich gegen dieses Verbot. Nationalrat Pascal Schmid, der f\u00fcr die Migrations- und Asylpolitik der SVP Schweiz zust\u00e4ndig ist, stellte klar: \"Anstatt die importierte Kriminalit\u00e4t zu bek\u00e4mpfen, will man sie verschleiern.\" Der Vorstand der SVP Schweiz bekr\u00e4ftigt erneut: Ausl\u00e4nderkriminalit\u00e4t muss beim Namen genannt werden, was auch die Nennung der Hautfarbe und der Nationalit\u00e4t von Straft\u00e4tern und Verd\u00e4chtigen beinhaltet.<\/p>\n<p><strong>Gaza: Nein zu willk\u00fcrlichen Ma\u00dfnahmen<br \/>\n<\/strong>Die SVP lehnt die Aufnahme von 20 Kindern, die jeweils von vier Personen aus Gaza begleitet werden, klar ab. Es handelt sich um eine willk\u00fcrliche Aktion, die von den Bundesr\u00e4ten Beat Jans (SP), Elisabeth Baume-Schneider (SP) und Martin Pfister (Mitte) autokratisch orchestriert wurde. Es ist absehbar, dass diese rund 100 Personen in der Schweiz Asyl beantragen und zumindest eine \"vorl\u00e4ufige Aufnahme\" erhalten werden. Das bedeutet, dass diese Personen nicht nur f\u00fcr immer in der Schweiz bleiben werden, sondern auch weitere Familienmitglieder in die Schweiz holen k\u00f6nnen. F\u00fcr unsere Bev\u00f6lkerung stellt diese Aktion ein enormes Sicherheitsrisiko dar, zumal es nicht m\u00f6glich ist, zwischen den Hamas-Terroristen und der Zivilbev\u00f6lkerung in Gaza zu unterscheiden.<\/p>\n<p><strong>Der R\u00fcstungschef informiert die Parteif\u00fchrung<br \/>\n<\/strong>Auf Einladung der SVP Schweiz informierte Urs Loher, R\u00fcstungschef der Schweizer Armee, die Parteileitung. In seiner Analyse zeigte er auf, dass wir in der Schweiz in einer \"Sicherheitsillusion\" leben. Der aktuelle Zustand der Armee sei nicht geeignet, die Bev\u00f6lkerung zu sch\u00fctzen. \"Umso wichtiger ist es, massiv in die Sicherheit zu investieren, und zwar jetzt\". Dazu geh\u00f6rt neben verschiedenen Waffensystemen auch die Anschaffung der F-35. Das Kampfflugzeug ist nicht das Problem, sondern Teil der L\u00f6sung. Abschlie\u00dfend pl\u00e4diert Urs Loher f\u00fcr den Aufbau einer wehrf\u00e4higen R\u00fcstungsindustrie in der Schweiz: \"Wahre Souver\u00e4nit\u00e4t bedeutet Widerstandsf\u00e4higkeit. Widerstandsf\u00e4higkeit bedeutet eine saubere Produktion, saubere Lager, eine saubere Industrie\".<\/p>\n<p>Im Anschluss an die Sitzung fand in Wimmis die Veranstaltung \"SVP nah bei Ihnen\" statt. Auf dem Bahnhofplatz trafen sich der Parteivorstand, die gew\u00e4hlten Vertreter und Bundesrat Guy Parmelin mit der lokalen Bev\u00f6lkerung zu einem gem\u00fctlichen Austausch.<\/p>\n<div class=\"gallery galleryid-130247 gallery-columns-3 gallery-size-thumbnail\">\n<dl class=\"gallery-item\">\n<dt class=\"gallery-icon landscape\">\n\t\t\t\t<a href=\"https:\/\/www.udc.ch\/wp-content\/uploads\/sites\/2\/BDL_2.jpg\"><img loading=\"lazy\" decoding=\"async\" width=\"150\" height=\"150\" src=\"https:\/\/www.udc.ch\/wp-content\/uploads\/sites\/2\/BDL_2-150x150.jpg\" class=\"attachment-thumbnail size-thumbnail\" alt=\"\" \/><\/a>\n\t\t\t<\/dt>\n<\/dl>\n<dl class=\"gallery-item\">\n<dt class=\"gallery-icon landscape\">\n\t\t\t\t<a href=\"https:\/\/www.udc.ch\/wp-content\/uploads\/sites\/2\/BDL_3.jpg\"><img loading=\"lazy\" decoding=\"async\" width=\"150\" height=\"150\" src=\"https:\/\/www.udc.ch\/wp-content\/uploads\/sites\/2\/BDL_3-150x150.jpg\" class=\"attachment-thumbnail size-thumbnail\" alt=\"\" \/><\/a>\n\t\t\t<\/dt>\n<\/dl>\n<dl class=\"gallery-item\">\n<dt class=\"gallery-icon landscape\">\n\t\t\t\t<a href=\"https:\/\/www.udc.ch\/wp-content\/uploads\/sites\/2\/BDL_4.jpg\"><img loading=\"lazy\" decoding=\"async\" width=\"150\" height=\"150\" src=\"https:\/\/www.udc.ch\/wp-content\/uploads\/sites\/2\/BDL_4-150x150.jpg\" class=\"attachment-thumbnail size-thumbnail\" alt=\"\" \/><\/a>\n\t\t\t<\/dt>\n<\/dl>\n<p><\/p>\n<dl class=\"gallery-item\">\n<dt class=\"gallery-icon landscape\">\n\t\t\t\t<a href=\"https:\/\/www.udc.ch\/wp-content\/uploads\/sites\/2\/BDL_1.jpg\"><img loading=\"lazy\" decoding=\"async\" width=\"150\" height=\"150\" src=\"https:\/\/www.udc.ch\/wp-content\/uploads\/sites\/2\/BDL_1-150x150.jpg\" class=\"attachment-thumbnail size-thumbnail\" alt=\"\" \/><\/a>\n\t\t\t<\/dt>\n<\/dl>\n<dl class=\"gallery-item\">\n<dt class=\"gallery-icon landscape\">\n\t\t\t\t<a href=\"https:\/\/www.udc.ch\/wp-content\/uploads\/sites\/2\/BDL_5.jpg\"><img loading=\"lazy\" decoding=\"async\" width=\"150\" height=\"150\" src=\"https:\/\/www.udc.ch\/wp-content\/uploads\/sites\/2\/BDL_5-150x150.jpg\" class=\"attachment-thumbnail size-thumbnail\" alt=\"\" \/><\/a>\n\t\t\t<\/dt>\n<\/dl>\n<p>\n\t\t<\/p><\/div>","protected":false},"excerpt":{"rendered":"<p>En quoi consiste exactement l\u2019initiative \u00ab Service citoyen \u00bb, qui sera soumise au vote le 30 novembre 2025 ? Selon ses auteurs, toutes les femmes et tous les jeunes devraient d\u00e9sormais accomplir une forme de \u00ab service \u00e0 la soci\u00e9t\u00e9\u00a0\u00bb, [&hellip;]<\/p>\n","protected":false},"author":1,"featured_media":0,"comment_status":"","ping_status":"","sticky":false,"template":"","format":"standard","meta":{"footnotes":""},"categories":[60],"tags":[],"class_list":["post-7851","post","type-post","status-publish","format-standard","hentry","category-non-classifiee"],"_links":{"self":[{"href":"https:\/\/judc-fr.ch\/de\/wp-json\/wp\/v2\/posts\/7851","targetHints":{"allow":["GET"]}}],"collection":[{"href":"https:\/\/judc-fr.ch\/de\/wp-json\/wp\/v2\/posts"}],"about":[{"href":"https:\/\/judc-fr.ch\/de\/wp-json\/wp\/v2\/types\/post"}],"author":[{"embeddable":true,"href":"https:\/\/judc-fr.ch\/de\/wp-json\/wp\/v2\/users\/1"}],"replies":[{"embeddable":true,"href":"https:\/\/judc-fr.ch\/de\/wp-json\/wp\/v2\/comments?post=7851"}],"version-history":[{"count":0,"href":"https:\/\/judc-fr.ch\/de\/wp-json\/wp\/v2\/posts\/7851\/revisions"}],"wp:attachment":[{"href":"https:\/\/judc-fr.ch\/de\/wp-json\/wp\/v2\/media?parent=7851"}],"wp:term":[{"taxonomy":"category","embeddable":true,"href":"https:\/\/judc-fr.ch\/de\/wp-json\/wp\/v2\/categories?post=7851"},{"taxonomy":"post_tag","embeddable":true,"href":"https:\/\/judc-fr.ch\/de\/wp-json\/wp\/v2\/tags?post=7851"}],"curies":[{"name":"wp","href":"https:\/\/api.w.org\/{rel}","templated":true}]}}