{"id":7850,"date":"2025-10-23T16:33:12","date_gmt":"2025-10-23T15:33:12","guid":{"rendered":"https:\/\/judc-fr.ch\/2025\/10\/23\/interdiction-de-voyager-a-letranger-pour-les-demandeurs-dasile-et-les-ukrainiens-beneficiant-dun-statut-de-protection-s-le-conseil-federal-sabote-la-decision-du-parlement\/"},"modified":"2025-10-23T16:33:12","modified_gmt":"2025-10-23T15:33:12","slug":"interdiction-de-voyager-a-letranger-pour-les-demandeurs-dasile-et-les-ukrainiens-beneficiant-dun-statut-de-protection-s-le-conseil-federal-sabote-la-decision-du-parlement","status":"publish","type":"post","link":"https:\/\/judc-fr.ch\/de\/2025\/10\/23\/interdiction-de-voyager-a-letranger-pour-les-demandeurs-dasile-et-les-ukrainiens-beneficiant-dun-statut-de-protection-s-le-conseil-federal-sabote-la-decision-du-parlement\/","title":{"rendered":"Auslandsreiseverbot f\u00fcr Asylsuchende und Ukrainer mit Schutzstatus S: Der Bundesrat sabotiert die Entscheidung des Parlaments!"},"content":{"rendered":"<p class=\"p1\">Der Missbrauch unseres Asylsystems durch Hunderttausende von asylsuchenden Migranten ist ein Skandal. Das zeigt sich auch daran, dass viele von ihnen in ihre Herkunftsl\u00e4nder reisen, wo sie angeblich verfolgt werden. Besonders reisefreudig sind Eritreer und Ukrainer, die hier den Schutzstatus S genie\u00dfen. Die Busse <i>Flixbus<\/i> \u00fcberf\u00fcllten Busse, die regelm\u00e4\u00dfig zwischen Z\u00fcrich und Kiew verkehren, sprechen eine deutliche Sprache.<\/p>\n<p class=\"p1\">Im Dezember 2021 haben der Nationalrat und der St\u00e4nderat diesen Missbr\u00e4uchen endlich ein Ende gesetzt, indem sie das Ausl\u00e4nder- und Integrationsgesetz (AuIG) revidierten und die <b>Asylbewerber, vorl\u00e4ufig aufgenommene Personen und Personen mit Schutzstatus S ein vollst\u00e4ndiges Reiseverbot<\/b>. Reisen in das Heimat- oder Herkunftsland sowie in alle anderen Staaten sind daher grunds\u00e4tzlich verboten und nur in absoluten Ausnahmef\u00e4llen m\u00f6glich.<\/p>\n<p class=\"p1\">Aber die <b>Mitte-Links-Mehrheit des Bundesrates <\/b>sich offensichtlich nicht um den Auftrag des Gesetzgebers schert und <b>setzt die Gesetzes\u00e4nderung seit vier Jahren nicht um<\/b>\u00a0; das ist ein echter politischer Skandal!<\/p>\n<p class=\"p1\">Anstatt den Parlamentsbeschluss endlich umzusetzen, arbeitet der Bundesrat unter der F\u00fchrung des Leiters des Asylbereichs, Beat Jans (SP), hinter den Kulissen daran <b>flexibler zu gestalten oder sogar teilweise abzuschaffen<\/b> die \u00dcberarbeitung des Gesetzes, bevor es in Kraft trat. Nur so l\u00e4sst sich erkl\u00e4ren, dass sich die nun er\u00f6ffnete Konsultation sowohl auf die Ausf\u00fchrungsbestimmungen der vor vier Jahren beschlossenen Gesetzesrevision als auch auf einen neuen Vorschlag zur \u00c4nderung des Gesetzes bezieht. Da diese \u00c4nderung zun\u00e4chst von den zust\u00e4ndigen Aussch\u00fcssen und beiden Kammern gepr\u00fcft werden muss, ist ihre <b>Inkrafttreten um mindestens ein Jahr verz\u00f6gert wird<\/b>Dies ist ebenfalls ein Skandal.<\/p>\n<p class=\"p1\">Die Tatsache, dass der Bundesrat das Reiseverbot f\u00fcr Ukrainer durch eine weitere Gesetzesrevision aufheben will, ist offensichtlich eine <b>vorauseilender Gehorsam gegen\u00fcber der EU<\/b>Der Rat beschloss, die Reisefreiheit f\u00fcr Ukrainer zuzulassen.<\/p>\n<p class=\"p1\"><b>In der Schweiz werden Gesetze immer vom Parlament und vom Volk ausgearbeitet. <\/b>Der Bundesrat setzt die Mandate um. Die SVP setzt sich entschieden daf\u00fcr ein, dass das Reiseverbot f\u00fcr Personen aus dem Asylbereich nun sofort umgesetzt wird, wie es der National- und St\u00e4nderat vor vier Jahren beschlossen haben.<\/p>","protected":false},"excerpt":{"rendered":"<p>L\u2019abus de notre syst\u00e8me d\u2019asile par des centaines de milliers de migrants demandeurs d\u2019asile est scandaleux. Cela se voit aussi au fait que beaucoup d\u2019entre eux se rendent dans leur pays d\u2019origine, o\u00f9 ils seraient soi-disant pers\u00e9cut\u00e9s. Les \u00c9rythr\u00e9ens et [&hellip;]<\/p>\n","protected":false},"author":1,"featured_media":0,"comment_status":"","ping_status":"","sticky":false,"template":"","format":"standard","meta":{"footnotes":""},"categories":[60],"tags":[],"class_list":["post-7850","post","type-post","status-publish","format-standard","hentry","category-non-classifiee"],"_links":{"self":[{"href":"https:\/\/judc-fr.ch\/de\/wp-json\/wp\/v2\/posts\/7850","targetHints":{"allow":["GET"]}}],"collection":[{"href":"https:\/\/judc-fr.ch\/de\/wp-json\/wp\/v2\/posts"}],"about":[{"href":"https:\/\/judc-fr.ch\/de\/wp-json\/wp\/v2\/types\/post"}],"author":[{"embeddable":true,"href":"https:\/\/judc-fr.ch\/de\/wp-json\/wp\/v2\/users\/1"}],"replies":[{"embeddable":true,"href":"https:\/\/judc-fr.ch\/de\/wp-json\/wp\/v2\/comments?post=7850"}],"version-history":[{"count":0,"href":"https:\/\/judc-fr.ch\/de\/wp-json\/wp\/v2\/posts\/7850\/revisions"}],"wp:attachment":[{"href":"https:\/\/judc-fr.ch\/de\/wp-json\/wp\/v2\/media?parent=7850"}],"wp:term":[{"taxonomy":"category","embeddable":true,"href":"https:\/\/judc-fr.ch\/de\/wp-json\/wp\/v2\/categories?post=7850"},{"taxonomy":"post_tag","embeddable":true,"href":"https:\/\/judc-fr.ch\/de\/wp-json\/wp\/v2\/tags?post=7850"}],"curies":[{"name":"wp","href":"https:\/\/api.w.org\/{rel}","templated":true}]}}