{"id":7849,"date":"2025-10-23T07:00:21","date_gmt":"2025-10-23T06:00:21","guid":{"rendered":"https:\/\/judc-fr.ch\/2025\/10\/23\/un-service-inutile-qui-menace-notre-securite\/"},"modified":"2025-10-23T07:00:21","modified_gmt":"2025-10-23T06:00:21","slug":"un-service-inutile-qui-menace-notre-securite","status":"publish","type":"post","link":"https:\/\/judc-fr.ch\/de\/2025\/10\/23\/un-service-inutile-qui-menace-notre-securite\/","title":{"rendered":"Ein unn\u00f6tiger Dienst, der unsere Sicherheit bedroht"},"content":{"rendered":"<p>Sie werden verstehen, dass ich es anderen \u00fcberlasse, Ihnen von der Konkurrenz zu erz\u00e4hlen, die ein solcher Dienst f\u00fcr den Zivildienst schaffen w\u00fcrde, der theoretisch als Ersatzdienst f\u00fcr den Milit\u00e4rdienst f\u00fcr Menschen in Gewissenskonflikten gedacht ist.<\/p>\n<p><strong>Ein unn\u00f6tiger Dienst<\/strong><\/p>\n<p>Mit einem so gro\u00dfen Kreis von Wehrpflichtigen w\u00fcrde dieser Dienst einen theoretischen \u00dcberhang an Personal zur Verf\u00fcgung stellen. Seine Auswirkungen auf die Zivilgesellschaft, die ungleich massiver sind als die des Wehrdienstes und des Zivilschutzes, w\u00e4ren untragbar. Die Betroffenen w\u00fcrden von ihren Familien und einer Arbeit, f\u00fcr die sie qualifiziert sind, entfremdet und f\u00fcr Aufgaben eingesetzt, f\u00fcr die sie weniger gut qualifiziert sind als diejenigen, die sie tagt\u00e4glich in der Arbeitswelt \u00fcbernehmen.<\/p>\n<p>Diese billigen, um nicht zu sagen kostenlosen Arbeitskr\u00e4fte w\u00fcrden zu einer massiven Wettbewerbsverzerrung gegen\u00fcber der Privatwirtschaft f\u00fchren, zu einer Art Schattenwirtschaft f\u00fcr Amateure und zu einem starken Faktor der <em>Dumping<\/em> Lohnniveau zu erreichen. Schlimmer noch: Sie entspricht keiner Nachfrage seitens der Wirtschaft und auch nicht der \u00f6ffentlichen Hand, die nicht wei\u00df, was sie mit unqualifizierten Arbeitskr\u00e4ften anfangen soll, die unter Zwang eingestellt werden.<\/p>\n<p>Wie die anderen europ\u00e4ischen L\u00e4nder muss auch die Schweiz ihre Sicherheit st\u00e4rken; im Initiativtext ist jedoch nirgends von Sicherheit die Rede, sondern nur von einem sehr vagen Begriff des Dienstes an der Allgemeinheit und f\u00fcr den Schutz der Umwelt.<\/p>\n<p>Mit Zielen, die nicht mehr auf die Verteidigung und den Schutz der Bev\u00f6lkerung beschr\u00e4nkt w\u00e4ren, w\u00fcrde dieser Dienst einer Form von Zwangsarbeit gleichkommen, die jedoch durch die EMRK verboten ist.<\/p>\n<p>Wir haben in diesem Land nicht auf diesen sogenannten \"B\u00fcrgerdienst\" gewartet, um weitgehend ehrenamtlich t\u00e4tig zu sein. Ein solcher Dienst w\u00e4re eine gro\u00dfe Bedrohung f\u00fcr die Freiwilligenarbeit - es sei denn, man betrachtet diese Art von \"Pflichtfreiwilligenarbeit\", die nat\u00fcrlich keine mehr ist, noch als Freiwilligenarbeit.<\/p>\n<p>Man erz\u00e4hlt uns immer noch von der Gleichheit zwischen M\u00e4nnern und Frauen. Aber wer glaubt, dass die Frauen in diesem Land, deren Hausarbeit ohnehin schon nicht ausreichend beachtet und wertgesch\u00e4tzt wird, nur von einer Sache tr\u00e4umen: mit dem \"B\u00fcrgerdienst\" eine weitere Schicht hinzuzuf\u00fcgen?<\/p>\n<p><strong>Eine Bedrohung f\u00fcr den Bestand unserer Armee<\/strong><\/p>\n<p>Die Herausforderung, der sich unser Land heute im Interesse unserer Sicherheit stellen muss, besteht darin, die Personalst\u00e4rke der Armee und des Zivilschutzes zu gew\u00e4hrleisten.<\/p>\n<p>Ein \"B\u00fcrgerdienst\" w\u00fcrde nicht dazu beitragen. Im Gegenteil.<\/p>\n<p>Durch die Verw\u00e4sserung der Wehrpflicht f\u00fcr Ziele, die nichts mit unserer Sicherheit zu tun haben, w\u00fcrde es die Rekrutierung einer ausreichenden Zahl von Soldaten und Zivilschutzkr\u00e4ften weiter erschweren und eine gravierende Ungleichbehandlung dieser so dringend ben\u00f6tigten Dienste schaffen. V\u00f6llig ungeeignet f\u00fcr die Entwicklung der Bedrohung, in dieser Hinsicht fast schon veraltet, w\u00fcrde er ein enormes Risiko f\u00fcr unsere Armee - und damit f\u00fcr unsere Sicherheit - schaffen, gerade zu einem Zeitpunkt, an dem in ganz Europa, \u00fcberall um uns herum, die Verteidigungsinstrumente und nat\u00fcrlich die Armeen massiv aufgestockt werden - und ganz sicher nicht irgendwelche fadenscheinigen Dienste f\u00fcr die Allgemeinheit oder f\u00fcr die Umwelt.<\/p>\n<p>Um Pr\u00e4sident Kennedy zu paraphrasieren: Wenn sich die Schweizer, aber auch die Schweizerinnen, die dies w\u00fcnschen, heute fragen, was sie f\u00fcr unser Land tun k\u00f6nnen, ist die Antwort klar: die Zahl unserer Armee und des Zivilschutzes erh\u00f6hen.<\/p>\n<p>Dazu sagen Sie <strong>NEIN am 30. November zu diesem unn\u00f6tigen Dienst, der unsere Sicherheit gef\u00e4hrdet<\/strong>.<\/p>\n<p><strong><a href=\"https:\/\/alliancesecurite.ch\/\" target=\"_blank\" rel=\"noopener\">Sicherheitsallianz Schweiz<\/a><\/strong><\/p>","protected":false},"excerpt":{"rendered":"<p>Vous comprendrez que je laisse \u00e0 d\u2019autres le soin de vous parler de la concurrence qu\u2019un tel service cr\u00e9erait pour le service civil, th\u00e9oriquement con\u00e7u comme un service de remplacement du service militaire pour les personnes en proie \u00e0 un [&hellip;]<\/p>\n","protected":false},"author":1,"featured_media":0,"comment_status":"","ping_status":"","sticky":false,"template":"","format":"standard","meta":{"footnotes":""},"categories":[60],"tags":[],"class_list":["post-7849","post","type-post","status-publish","format-standard","hentry","category-non-classifiee"],"_links":{"self":[{"href":"https:\/\/judc-fr.ch\/de\/wp-json\/wp\/v2\/posts\/7849","targetHints":{"allow":["GET"]}}],"collection":[{"href":"https:\/\/judc-fr.ch\/de\/wp-json\/wp\/v2\/posts"}],"about":[{"href":"https:\/\/judc-fr.ch\/de\/wp-json\/wp\/v2\/types\/post"}],"author":[{"embeddable":true,"href":"https:\/\/judc-fr.ch\/de\/wp-json\/wp\/v2\/users\/1"}],"replies":[{"embeddable":true,"href":"https:\/\/judc-fr.ch\/de\/wp-json\/wp\/v2\/comments?post=7849"}],"version-history":[{"count":0,"href":"https:\/\/judc-fr.ch\/de\/wp-json\/wp\/v2\/posts\/7849\/revisions"}],"wp:attachment":[{"href":"https:\/\/judc-fr.ch\/de\/wp-json\/wp\/v2\/media?parent=7849"}],"wp:term":[{"taxonomy":"category","embeddable":true,"href":"https:\/\/judc-fr.ch\/de\/wp-json\/wp\/v2\/categories?post=7849"},{"taxonomy":"post_tag","embeddable":true,"href":"https:\/\/judc-fr.ch\/de\/wp-json\/wp\/v2\/tags?post=7849"}],"curies":[{"name":"wp","href":"https:\/\/api.w.org\/{rel}","templated":true}]}}