{"id":7843,"date":"2025-10-13T11:40:07","date_gmt":"2025-10-13T10:40:07","guid":{"rendered":"https:\/\/judc-fr.ch\/2025\/10\/13\/exces-de-violences-de-gauche-a-berne\/"},"modified":"2025-10-13T11:40:07","modified_gmt":"2025-10-13T10:40:07","slug":"exces-de-violences-de-gauche-a-berne","status":"publish","type":"post","link":"https:\/\/judc-fr.ch\/de\/2025\/10\/13\/exces-de-violences-de-gauche-a-berne\/","title":{"rendered":"Linke Gewaltexzesse in Bern"},"content":{"rendered":"<p>Einmal mehr war Bern Schauplatz von Gewalttaten, die von der Linken begangen wurden. Die Sachsch\u00e4den beliefen sich auf mehrere Millionen Franken. Passanten mussten um ihr Leben f\u00fcrchten, w\u00e4hrend 18 Polizisten bei dem Einsatz verletzt wurden.<\/p>\n<p>Es handelte sich um eine illegale und nicht genehmigte \"pro-pal\u00e4stinensische\" Demonstration. Die Teilnehmer riefen zur Vernichtung Israels auf. Die Rolle der Jungsozialisten in dieser Angelegenheit ist besonders besch\u00e4mend; die Jungsozialisten riefen indirekt zu exzessiver Gewalt und zur Teilnahme an der nicht genehmigten Demonstration auf: \"WIDERSTAND JETZT! ALLE AUF DIE STRASSE!\"<\/p>\n<p><strong>SP und Gr\u00fcne schweigen zu exzessiver Gewalt<\/strong> und das ist nicht verwunderlich : Mit C\u00e9dric Wermuth und Mattea Meyer stehen zwei ehemalige Mitglieder der Jungsozialisten an der Spitze der Sozialdemokratischen Partei der Schweiz. Diese sympathisieren mit ihrer radikalisierten Partei, die den Rechtsstaat mit F\u00fc\u00dfen tritt. Wie die Mehrheit der Medien spielen sie die massive Gefahr, die von der extremen Linken ausgeht, systematisch herunter.<\/p>\n<p><strong>Die SVP Schweiz fordert eine gr\u00fcndliche Untersuchung der Ereignisse in Bern :<\/strong><\/p>\n<ul>\n<li>Wer steckt hinter dieser illegalen Demonstration?<\/li>\n<li>Welche NROs sind beteiligt?<\/li>\n<li>Welche Vorstrafen haben die festgenommenen Personen?<\/li>\n<li>Welchen Aufenthaltsstatus haben die festgenommenen Personen?<\/li>\n<li>Welche Verbindungen bestehen zwischen linksextremen und islamischen Gruppen?<\/li>\n<li>Warum wird das Verbot der Gesichtsverh\u00fcllung nicht durchgesetzt?<\/li>\n<\/ul>\n<p><strong>Die SVP fordert zudem, dass allen NGOs und Parteien, die diese nicht genehmigte Demonstration unterst\u00fctzt haben, die staatlichen Subventionen entzogen werden. Steuergelder d\u00fcrfen nicht Extremisten und Feinden des Rechtsstaats zur Verf\u00fcgung gestellt werden.<\/strong><\/p>","protected":false},"excerpt":{"rendered":"<p>Une fois de plus, Berne a \u00e9t\u00e9 le th\u00e9\u00e2tre de violences commises par la gauche. Les d\u00e9g\u00e2ts mat\u00e9riels se chiffrent en millions de francs. Des passants ont craint pour leur vie tandis que 18 policiers ont \u00e9t\u00e9 bless\u00e9s lors de [&hellip;]<\/p>\n","protected":false},"author":1,"featured_media":0,"comment_status":"","ping_status":"","sticky":false,"template":"","format":"standard","meta":{"footnotes":""},"categories":[60],"tags":[],"class_list":["post-7843","post","type-post","status-publish","format-standard","hentry","category-non-classifiee"],"_links":{"self":[{"href":"https:\/\/judc-fr.ch\/de\/wp-json\/wp\/v2\/posts\/7843","targetHints":{"allow":["GET"]}}],"collection":[{"href":"https:\/\/judc-fr.ch\/de\/wp-json\/wp\/v2\/posts"}],"about":[{"href":"https:\/\/judc-fr.ch\/de\/wp-json\/wp\/v2\/types\/post"}],"author":[{"embeddable":true,"href":"https:\/\/judc-fr.ch\/de\/wp-json\/wp\/v2\/users\/1"}],"replies":[{"embeddable":true,"href":"https:\/\/judc-fr.ch\/de\/wp-json\/wp\/v2\/comments?post=7843"}],"version-history":[{"count":0,"href":"https:\/\/judc-fr.ch\/de\/wp-json\/wp\/v2\/posts\/7843\/revisions"}],"wp:attachment":[{"href":"https:\/\/judc-fr.ch\/de\/wp-json\/wp\/v2\/media?parent=7843"}],"wp:term":[{"taxonomy":"category","embeddable":true,"href":"https:\/\/judc-fr.ch\/de\/wp-json\/wp\/v2\/categories?post=7843"},{"taxonomy":"post_tag","embeddable":true,"href":"https:\/\/judc-fr.ch\/de\/wp-json\/wp\/v2\/tags?post=7843"}],"curies":[{"name":"wp","href":"https:\/\/api.w.org\/{rel}","templated":true}]}}