{"id":7842,"date":"2025-10-09T12:47:34","date_gmt":"2025-10-09T11:47:34","guid":{"rendered":"https:\/\/judc-fr.ch\/2025\/10\/09\/limposition-individuelle-est-une-punition-pour-les-familles\/"},"modified":"2025-10-09T12:47:34","modified_gmt":"2025-10-09T11:47:34","slug":"limposition-individuelle-est-une-punition-pour-les-familles","status":"publish","type":"post","link":"https:\/\/judc-fr.ch\/de\/2025\/10\/09\/limposition-individuelle-est-une-punition-pour-les-familles\/","title":{"rendered":"Individualbesteuerung ist eine Strafe f\u00fcr Familien"},"content":{"rendered":"<p>Erstens ist dieses Gesetz ein direkter finanzieller Angriff auf die Mittelschicht. Man verspricht uns Gleichheit, aber was man uns serviert, ist eine massive Mehrbelastung. F\u00fcr unz\u00e4hlige Familien, insbesondere dort, wo einer der Partner zur\u00fccktritt, um Kinder oder Angeh\u00f6rige zu betreuen, bedeutet diese Vorlage Tausende von Franken an zus\u00e4tzlichen Steuern pro Jahr. Das ist keine Entlastung, sondern eine Bestrafung f\u00fcr gelebte Solidarit\u00e4t und Verantwortung in der Familie. Es ist eine schleichende Enteignung derjenigen, die das R\u00fcckgrat unserer Gesellschaft bilden.<\/p>\n<p>Zweitens ist die Individualbesteuerung ein Frontalangriff auf unseren F\u00f6deralismus. Unter dem Deckmantel der Modernisierung wird hier ein zentralistisches Monster geschaffen. Die Kantone werden gezwungen, ihre bew\u00e4hrten Steuersysteme \u00fcber Bord zu werfen und sich einem Diktat aus Bern zu unterwerfen. Das ist nicht die Schweiz! Unsere St\u00e4rke liegt in der Vielfalt und der Autonomie unserer Kantone. Wir werden uns unsere Steuerhoheit nicht nehmen lassen!<\/p>\n<p>Wir wehren uns gegen diese erzwungene, b\u00fcrokratische und teure Ver\u00e4nderung. Wir k\u00e4mpfen f\u00fcr eine Schweiz, in der Familien nicht bestraft, sondern gest\u00e4rkt werden. Wir k\u00e4mpfen f\u00fcr eine f\u00f6deralistische Schweiz, in der die Kantone ihre Verantwortung wahrnehmen k\u00f6nnen.<\/p>\n<p>Aus diesem Grund \u00fcberreichen wir heute mit Stolz diese Unterschriften. Das Volk wird in dieser Frage das letzte Wort haben, und ich bin \u00fcberzeugt, dass das Volk diese sch\u00e4dliche Vorlage klar ablehnen wird.<\/p>\n<p><a href=\"https:\/\/www.udc.ch\/wp-content\/uploads\/sites\/2\/Edito-Ruegger_Visual.jpeg\"><img loading=\"lazy\" decoding=\"async\" class=\"aligncenter wp-image-130081 size-large\" src=\"https:\/\/www.udc.ch\/wp-content\/uploads\/sites\/2\/Edito-Ruegger_Visual-1280x720.jpeg\" alt=\"\" width=\"1024\" height=\"576\" \/><\/a><\/p>","protected":false},"excerpt":{"rendered":"<p>Premi\u00e8rement, cette loi est une attaque financi\u00e8re directe contre la classe moyenne. On nous promet l\u2019\u00e9galit\u00e9, mais ce qu\u2019on nous sert, c\u2019est une charge suppl\u00e9mentaire massive. Pour d\u2019innombrables familles, notamment l\u00e0 o\u00f9 l\u2019un des partenaires se met en retrait pour [&hellip;]<\/p>\n","protected":false},"author":1,"featured_media":0,"comment_status":"","ping_status":"","sticky":false,"template":"","format":"standard","meta":{"footnotes":""},"categories":[60],"tags":[],"class_list":["post-7842","post","type-post","status-publish","format-standard","hentry","category-non-classifiee"],"_links":{"self":[{"href":"https:\/\/judc-fr.ch\/de\/wp-json\/wp\/v2\/posts\/7842","targetHints":{"allow":["GET"]}}],"collection":[{"href":"https:\/\/judc-fr.ch\/de\/wp-json\/wp\/v2\/posts"}],"about":[{"href":"https:\/\/judc-fr.ch\/de\/wp-json\/wp\/v2\/types\/post"}],"author":[{"embeddable":true,"href":"https:\/\/judc-fr.ch\/de\/wp-json\/wp\/v2\/users\/1"}],"replies":[{"embeddable":true,"href":"https:\/\/judc-fr.ch\/de\/wp-json\/wp\/v2\/comments?post=7842"}],"version-history":[{"count":0,"href":"https:\/\/judc-fr.ch\/de\/wp-json\/wp\/v2\/posts\/7842\/revisions"}],"wp:attachment":[{"href":"https:\/\/judc-fr.ch\/de\/wp-json\/wp\/v2\/media?parent=7842"}],"wp:term":[{"taxonomy":"category","embeddable":true,"href":"https:\/\/judc-fr.ch\/de\/wp-json\/wp\/v2\/categories?post=7842"},{"taxonomy":"post_tag","embeddable":true,"href":"https:\/\/judc-fr.ch\/de\/wp-json\/wp\/v2\/tags?post=7842"}],"curies":[{"name":"wp","href":"https:\/\/api.w.org\/{rel}","templated":true}]}}