{"id":7840,"date":"2025-10-08T13:46:48","date_gmt":"2025-10-08T12:46:48","guid":{"rendered":"https:\/\/judc-fr.ch\/2025\/10\/08\/le-conseil-federal-ne-tient-pas-ses-promesses-le-statut-de-protection-s-devient-une-immigration-permanente-dans-nos-oeuvres-sociales\/"},"modified":"2025-10-08T13:46:48","modified_gmt":"2025-10-08T12:46:48","slug":"le-conseil-federal-ne-tient-pas-ses-promesses-le-statut-de-protection-s-devient-une-immigration-permanente-dans-nos-oeuvres-sociales","status":"publish","type":"post","link":"https:\/\/judc-fr.ch\/de\/2025\/10\/08\/le-conseil-federal-ne-tient-pas-ses-promesses-le-statut-de-protection-s-devient-une-immigration-permanente-dans-nos-oeuvres-sociales\/","title":{"rendered":"Der Bundesrat h\u00e4lt seine Versprechen nicht: Der Schutzstatus S wird zur dauerhaften Einwanderung in unsere Sozialwerke"},"content":{"rendered":"<p class=\"p1\">Was als vor\u00fcbergehende Schutzma\u00dfnahme begonnen hatte, entpuppt sich immer mehr als T\u00e4uschung. Im Mai 2022 versprach die damalige Justizministerin Karin Keller-Sutter, dass der Schutzstatus S \"r\u00fcckkehrorientiert\" sein w\u00fcrde und \"nicht auf ein dauerhaftes Aufenthaltsrecht in der Schweiz\" abzielen w\u00fcrde. Seitdem hat der Bundesrat diesen Status Jahr f\u00fcr Jahr verl\u00e4ngert und damit seinen eigenen Aussagen widersprochen. Die unendliche Geschichte der falschen Versprechungen geht weiter :<\/p>\n<ul class=\"ul1\">\n<li>20. Mai 2022: Bundesr\u00e4tin Keller-Sutter betont den vor\u00fcbergehenden Charakter des Status.<\/li>\n<li class=\"li1\">9. November 2022: Erste Verl\u00e4ngerung bis M\u00e4rz 2024.<\/li>\n<li class=\"li1\">1<span class=\"s1\"><sup>er<\/sup><\/span> November 2023: Zweite Verl\u00e4ngerung bis M\u00e4rz 2025.<\/li>\n<li class=\"li1\">4. September 2024: Dritte Verl\u00e4ngerung bis M\u00e4rz 2026.<\/li>\n<li class=\"li1\">Demn\u00e4chst: vierte Verl\u00e4ngerung bis M\u00e4rz 2027.<\/li>\n<\/ul>\n<p class=\"p1\">Diese Politik ist unehrlich gegen\u00fcber der Schweizer Bev\u00f6lkerung. Der Schutzstatus S ist zu einem Einfallstor f\u00fcr eine dauerhafte Einwanderung in unsere Sozialsysteme geworden. Nach f\u00fcnf Jahren Aufenthalt - also ab dem Fr\u00fchjahr 2027! - k\u00f6nnen die ersten Ukrainer eine B-Bewilligung beantragen. Der vor\u00fcbergehende Schutz wird so endg\u00fcltig zu einer dauerhaften Belastung f\u00fcr die Schweiz. Es ist daher nicht verwunderlich, dass der Bundesrat in der eigenen Bev\u00f6lkerung immer weniger Unterst\u00fctzung genie\u00dft.<\/p>\n<p class=\"p1\"><b>Kosten in Milliardenh\u00f6he und falsche Anreize<\/b><b><\/b><\/p>\n<p class=\"p1\">Die finanziellen Folgen dieser Politik sind katastrophal. Allein die Kosten f\u00fcr den Bund belaufen sich auf Milliarden von Franken. Hinzu kommen die enormen Belastungen f\u00fcr die Kantone und Gemeinden, die Wohnraum bereitstellen und die Kosten f\u00fcr die Sozialhilfe tragen m\u00fcssen. Besonders schockierend ist, dass es mit der Ukraine kein Sozialversicherungsabkommen gibt. Das bedeutet, dass im Falle einer Invalidit\u00e4t direkt das Schweizer Recht zur Anwendung kommt - eine Zeitbombe f\u00fcr unsere sozialen Einrichtungen.<\/p>\n<p class=\"p1\">Das Hauptproblem bleibt die Verbindung zwischen dem Schutzstatus und dem fast bedingungslosen Anspruch auf Sozialhilfe. Dieser Fehlanreiz f\u00fchrt dazu, dass nur eine kleine Minderheit der arbeitsf\u00e4higen Ukrainer einer Erwerbst\u00e4tigkeit nachgeht. Anstatt Leistungen und Integration zu fordern, f\u00f6rdert der Bundesrat mit seiner laxen Haltung eine Almosenmentalit\u00e4t auf Kosten der Schweizer Steuerzahler.<\/p>\n<p class=\"p1\"><b>SVP fordert sofortiges Handeln<\/b><b><\/b><\/p>\n<p class=\"p1\">Die SVP hat von Anfang an vor dieser Entwicklung gewarnt. Wir fordern den Bundesrat auf, seine unehrliche Politik sofort zu beenden und die Interessen der Schweizer Bev\u00f6lkerung zu wahren. Konkret fordert die SVP :<\/p>\n<ol class=\"ol1\">\n<li class=\"li1\">den Schutzstatus S nicht mehr zu verl\u00e4ngern.<\/li>\n<li class=\"li1\">umgehend die Abschaffung des Schutzstatus S f\u00fcr alle zu pr\u00fcfen.<\/li>\n<li class=\"li1\">den Schutz auf Personen zu beschr\u00e4nken, die tats\u00e4chlich aus Kriegsgebieten kommen.<\/li>\n<li class=\"li1\">Missbrauch wie Touristenreisen in die Ukraine strikt zu bek\u00e4mpfen.<\/li>\n<li class=\"li1\">eine klare Arbeitspflicht f\u00fcr alle Personen im erwerbsf\u00e4higen Alter mit Schutzstatus einf\u00fchren.<\/li>\n<li class=\"li1\">Wer nach insgesamt 12 Monaten keiner Erwerbst\u00e4tigkeit nachgeht, wird in die Nothilfe zur\u00fcckgestuft.<\/li>\n<\/ol>\n<p class=\"p1\">Es ist an der Zeit, eine scharfe Bremse zu ziehen. Die SVP wird sich mit allen Mitteln gegen diese unverantwortliche Politik des Bundesrates wehren und f\u00fcr eine koh\u00e4rente und glaubw\u00fcrdige Asyl- und Migrationspolitik k\u00e4mpfen, die der Schweiz nicht schadet.<\/p>","protected":false},"excerpt":{"rendered":"<p>Ce qui avait commenc\u00e9 comme une mesure de protection temporaire s\u2019av\u00e8re de plus en plus \u00eatre une supercherie. En mai 2022, la ministre de la Justice de l\u2019\u00e9poque, Karin Keller-Sutter, avait promis que le statut de protection S serait \u00ab\u00a0ax\u00e9 [&hellip;]<\/p>\n","protected":false},"author":1,"featured_media":0,"comment_status":"","ping_status":"","sticky":false,"template":"","format":"standard","meta":{"footnotes":""},"categories":[60],"tags":[],"class_list":["post-7840","post","type-post","status-publish","format-standard","hentry","category-non-classifiee"],"_links":{"self":[{"href":"https:\/\/judc-fr.ch\/de\/wp-json\/wp\/v2\/posts\/7840","targetHints":{"allow":["GET"]}}],"collection":[{"href":"https:\/\/judc-fr.ch\/de\/wp-json\/wp\/v2\/posts"}],"about":[{"href":"https:\/\/judc-fr.ch\/de\/wp-json\/wp\/v2\/types\/post"}],"author":[{"embeddable":true,"href":"https:\/\/judc-fr.ch\/de\/wp-json\/wp\/v2\/users\/1"}],"replies":[{"embeddable":true,"href":"https:\/\/judc-fr.ch\/de\/wp-json\/wp\/v2\/comments?post=7840"}],"version-history":[{"count":0,"href":"https:\/\/judc-fr.ch\/de\/wp-json\/wp\/v2\/posts\/7840\/revisions"}],"wp:attachment":[{"href":"https:\/\/judc-fr.ch\/de\/wp-json\/wp\/v2\/media?parent=7840"}],"wp:term":[{"taxonomy":"category","embeddable":true,"href":"https:\/\/judc-fr.ch\/de\/wp-json\/wp\/v2\/categories?post=7840"},{"taxonomy":"post_tag","embeddable":true,"href":"https:\/\/judc-fr.ch\/de\/wp-json\/wp\/v2\/tags?post=7840"}],"curies":[{"name":"wp","href":"https:\/\/api.w.org\/{rel}","templated":true}]}}