{"id":7838,"date":"2025-10-07T06:53:35","date_gmt":"2025-10-07T05:53:35","guid":{"rendered":"https:\/\/judc-fr.ch\/2025\/10\/07\/stop-a-la-suisse-a-10-millions-gardons-une-terre-vivable-pour-nos-enfants\/"},"modified":"2025-10-07T06:53:35","modified_gmt":"2025-10-07T05:53:35","slug":"stop-a-la-suisse-a-10-millions-gardons-une-terre-vivable-pour-nos-enfants","status":"publish","type":"post","link":"https:\/\/judc-fr.ch\/de\/2025\/10\/07\/stop-a-la-suisse-a-10-millions-gardons-une-terre-vivable-pour-nos-enfants\/","title":{"rendered":"Stopp der 10-Millionen-Schweiz: Bewahren wir eine lebenswerte Erde f\u00fcr unsere Kinder!"},"content":{"rendered":"<p>Masseneinwanderung, laxe Asylpolitik, unkontrollierte bilaterale Abkommen: Alles treibt ein Bev\u00f6lkerungswachstum aus dem Boden, das die Realit\u00e4ten vor Ort ignoriert.<\/p>\n<p><strong>Ein kleines Land kann nicht die ganze Welt absorbieren<\/strong><br \/>\nAber seien wir ehrlich: Ein kleines Bergland mit begrenzten Ressourcen kann nicht unbegrenzt jedes Jahr Hunderttausende von Neuank\u00f6mmlingen aufnehmen. Dies hat nichts mit Ablehnung oder Angst vor dem Anderen zu tun. Es handelt sich um ein Prinzip des gesunden Menschenverstands. Jeder Quadratmeter Beton knabbert an unserem Agrarland. Jede Million Einwohner mehr bedeutet \u00fcberlastete Stra\u00dfen, teurere Mieten, \u00fcberf\u00fcllte Schulen und Verkehrsnetze, die kurz vor dem Zusammenbruch stehen.<\/p>\n<p>Und wer zahlt die Rechnung? Es sind die Schweizer Familien, die Arbeitnehmer der Mittelschicht, die Jugendlichen, die sich keine Wohnung mehr leisten k\u00f6nnen, die Landwirte, die immer weiter weg gedr\u00e4ngt werden.<\/p>\n<p><strong>Unsere Lebensqualit\u00e4t erhalten, indem wir jetzt handeln<\/strong><br \/>\nDie Initiative \"Stopp der 10-Millionen-Schweiz!\" stellt endlich die wahren Fragen. Sie richtet sich nicht gegen die Einwanderer, sondern gegen eine unverantwortliche Migrationspolitik. Sie will die Schweiz nicht abschotten, sondern sie vor einer unkontrollierten Entwicklung sch\u00fctzen. Sie fordert, dass der Bund seine Verantwortung wahrnimmt, klare Grenzen setzt und aufh\u00f6rt, unsere Lebensqualit\u00e4t im Namen des Wachstums um jeden Preis zu opfern.<\/p>\n<p>Es ist nicht die extreme Rechte, die hier spricht. Es sind die B\u00fcrger, die Familien, die Bauern, die Arbeiter, die weiterhin in einem Land leben wollen, in dem man atmet, in dem man sich kennt, in dem man etwas an die n\u00e4chsten Generationen weitergeben kann. Eine Schweiz, in der f\u00fcr die Menschen gebaut wird, nicht f\u00fcr Statistiken.<\/p>\n<p>Es ist an der Zeit, ein starkes Signal nach Bern zu senden: Wir wollen keine anonyme Megastadt werden. Wir wollen ein Land mit menschlicher Gr\u00f6\u00dfe bleiben, verwurzelt, wohlhabend, frei. Stopp zu sagen mit den 10 Millionen bedeutet, sich f\u00fcr Gleichgewicht, Nachhaltigkeit und Verantwortung zu entscheiden.<\/p>\n<p><a href=\"https:\/\/initiativedurabilite.ch\/\" target=\"_blank\" rel=\"noopener\">www.initiativedurabilite.ch<\/a><\/p>","protected":false},"excerpt":{"rendered":"<p>Immigration massive, politique d\u2019asile laxiste, accords bilat\u00e9raux incontr\u00f4l\u00e9s : tout pousse \u00e0 une croissance d\u00e9mographique hors-sol, qui ignore les r\u00e9alit\u00e9s du terrain. Un petit pays ne peut pas absorber le monde entier Mais soyons honn\u00eates : un petit pays de [&hellip;]<\/p>\n","protected":false},"author":1,"featured_media":0,"comment_status":"","ping_status":"","sticky":false,"template":"","format":"standard","meta":{"footnotes":""},"categories":[60],"tags":[],"class_list":["post-7838","post","type-post","status-publish","format-standard","hentry","category-non-classifiee"],"_links":{"self":[{"href":"https:\/\/judc-fr.ch\/de\/wp-json\/wp\/v2\/posts\/7838","targetHints":{"allow":["GET"]}}],"collection":[{"href":"https:\/\/judc-fr.ch\/de\/wp-json\/wp\/v2\/posts"}],"about":[{"href":"https:\/\/judc-fr.ch\/de\/wp-json\/wp\/v2\/types\/post"}],"author":[{"embeddable":true,"href":"https:\/\/judc-fr.ch\/de\/wp-json\/wp\/v2\/users\/1"}],"replies":[{"embeddable":true,"href":"https:\/\/judc-fr.ch\/de\/wp-json\/wp\/v2\/comments?post=7838"}],"version-history":[{"count":0,"href":"https:\/\/judc-fr.ch\/de\/wp-json\/wp\/v2\/posts\/7838\/revisions"}],"wp:attachment":[{"href":"https:\/\/judc-fr.ch\/de\/wp-json\/wp\/v2\/media?parent=7838"}],"wp:term":[{"taxonomy":"category","embeddable":true,"href":"https:\/\/judc-fr.ch\/de\/wp-json\/wp\/v2\/categories?post=7838"},{"taxonomy":"post_tag","embeddable":true,"href":"https:\/\/judc-fr.ch\/de\/wp-json\/wp\/v2\/tags?post=7838"}],"curies":[{"name":"wp","href":"https:\/\/api.w.org\/{rel}","templated":true}]}}