{"id":7837,"date":"2025-10-06T08:45:56","date_gmt":"2025-10-06T07:45:56","guid":{"rendered":"https:\/\/judc-fr.ch\/2025\/10\/06\/succes-pour-ludc-les-rapports-de-police-devront-mentionner-la-nationalite-des-auteurs-dinfractions\/"},"modified":"2025-10-06T08:45:56","modified_gmt":"2025-10-06T07:45:56","slug":"succes-pour-ludc-les-rapports-de-police-devront-mentionner-la-nationalite-des-auteurs-dinfractions","status":"publish","type":"post","link":"https:\/\/judc-fr.ch\/de\/2025\/10\/06\/succes-pour-ludc-les-rapports-de-police-devront-mentionner-la-nationalite-des-auteurs-dinfractions\/","title":{"rendered":"Erfolg f\u00fcr die SVP: Polizeiberichte m\u00fcssen die Nationalit\u00e4t von Straft\u00e4tern erw\u00e4hnen"},"content":{"rendered":"<p class=\"p1\">Laut polizeilicher Kriminalit\u00e4tsstatistik werden Personen aus Tunesien, Kamerun, Marokko oder der Dominikanischen Republik verd\u00e4chtigt <b>etwa 10x h\u00e4ufiger<\/b> als die lokale Bev\u00f6lkerung, Straftaten gegen das Leben und die k\u00f6rperliche Unversehrtheit begangen zu haben. Der forensische Psychiater Frank Urbaniok weist au\u00dferdem darauf hin, dass die Statistiken systematische Fehler aufweisen und die <b>tats\u00e4chliche Zahlen sind viel h\u00f6her<\/b>. So wurden die Algerier beschuldigt <b>125x h\u00e4ufiger<\/b> eines strafrechtlichen Vergehens als die einheimische Bev\u00f6lkerung. Migranten und Asylsuchende aus Eritrea, dem Kongo, Somalia, Rum\u00e4nien, Bulgarien, dem Irak und Afghanistan sind ebenfalls stark \u00fcberrepr\u00e4sentiert.<\/p>\n<p class=\"p1\">Es sollte eine Selbstverst\u00e4ndlichkeit sein, dass die Bev\u00f6lkerung auf <b>ehrlich, vollst\u00e4ndig und transparent<\/b> auf die \u00f6ffentliche Sicherheit. Dazu geh\u00f6rt auch die Nennung des Alters, des Geschlechts und der Nationalit\u00e4t der T\u00e4ter. Insbesondere angesichts der weitreichenden Mitwirkungsrechte der direkten Demokratie kommt der Information der Bev\u00f6lkerung in der Schweiz eine besondere Bedeutung zu.<\/p>\n<p class=\"p1\">Doch genau diese <b>Transparenz, die absichtlich verhindert wurde<\/b> an vielen Orten. Im Jahr 2017 wurde die <b>Mehrheit<\/b> <b>links rosa-gr\u00fcn<\/b> <b>der Stadt Z\u00fcrich<\/b> hat beschlossen, nicht <b>die Nationalit\u00e4t in Polizeimitteilungen nicht mehr erw\u00e4hnen<\/b>. Das Ziel war klar: Die Ausl\u00e4nderkriminalit\u00e4t sollte aus der \u00f6ffentlichen Wahrnehmung verbannt werden. Die Probleme verschwanden jedoch nicht.<\/p>\n<p class=\"p1\"><b>Der Nationalrat stimmt unserer parlamentarischen Initiative zu!<\/b><b><\/b><\/p>\n<p class=\"p1\">Die SVP wehrte sich 2021 erfolgreich mit einer Standesinitiative dagegen. Seitdem m\u00fcssen die Justizbeh\u00f6rden im Kanton Z\u00fcrich die Herkunft von Straft\u00e4tern nennen, sofern nicht Gr\u00fcnde des Pers\u00f6nlichkeitsschutzes dagegen sprechen. Im Jahr 2022 entschied das Bundesgericht jedoch, dass die Strafprozessordnung (StPO) ma\u00dfgeblich ist. Diese enth\u00e4lt jedoch keine klaren Vorgaben. Dies f\u00fchrt zu Rechtsunsicherheit und einer uneinheitlichen Situation in den einzelnen Kantonen.<\/p>\n<p class=\"p1\">Mein <b>Initiative<\/b> <b>Parlamentarier <\/b><a href=\"https:\/\/www.parlament.ch\/fr\/ratsbetrieb\/suche-curia-vista\/geschaeft?AffairId=20240463\"><span class=\"s1\"><b>24.463<\/b><\/span><\/a><b> \" Information der \u00d6ffentlichkeit durch die Polizei. Damit Alter, Geschlecht und Nationalit\u00e4t angegeben werden\".<\/b> zielt darauf ab, dieser unhaltbaren Situation ein Ende zu setzen. In der Herbstsession hat der Nationalrat die Initiative \u00fcberraschend angenommen. Dies ist umso erstaunlicher, als die Rechtskommission die Initiative zuvor einstimmig, mit Ausnahme der Stimmen der SVP, abgelehnt hatte. Mit der Erg\u00e4nzung der Strafprozessordnung (StPO) schaffen wir eine einheitliche und klare Praxis: Alter, Geschlecht und Nationalit\u00e4t m\u00fcssen in Polizeimitteilungen angegeben werden. Wenn ein T\u00e4ter aus Tunesien, Eritrea oder dem Irak stammt, muss die Bev\u00f6lkerung systematisch dar\u00fcber informiert werden.<\/p>","protected":false},"excerpt":{"rendered":"<p>Selon les statistiques de police sur la criminalit\u00e9, les personnes originaires de Tunisie, du Cameroun, du Maroc ou de la R\u00e9publique dominicaine sont soup\u00e7onn\u00e9es environ 10x plus souvent que la population locale d\u2019avoir commis des infractions contre la vie et [&hellip;]<\/p>\n","protected":false},"author":1,"featured_media":0,"comment_status":"","ping_status":"","sticky":false,"template":"","format":"standard","meta":{"footnotes":""},"categories":[60],"tags":[],"class_list":["post-7837","post","type-post","status-publish","format-standard","hentry","category-non-classifiee"],"_links":{"self":[{"href":"https:\/\/judc-fr.ch\/de\/wp-json\/wp\/v2\/posts\/7837","targetHints":{"allow":["GET"]}}],"collection":[{"href":"https:\/\/judc-fr.ch\/de\/wp-json\/wp\/v2\/posts"}],"about":[{"href":"https:\/\/judc-fr.ch\/de\/wp-json\/wp\/v2\/types\/post"}],"author":[{"embeddable":true,"href":"https:\/\/judc-fr.ch\/de\/wp-json\/wp\/v2\/users\/1"}],"replies":[{"embeddable":true,"href":"https:\/\/judc-fr.ch\/de\/wp-json\/wp\/v2\/comments?post=7837"}],"version-history":[{"count":0,"href":"https:\/\/judc-fr.ch\/de\/wp-json\/wp\/v2\/posts\/7837\/revisions"}],"wp:attachment":[{"href":"https:\/\/judc-fr.ch\/de\/wp-json\/wp\/v2\/media?parent=7837"}],"wp:term":[{"taxonomy":"category","embeddable":true,"href":"https:\/\/judc-fr.ch\/de\/wp-json\/wp\/v2\/categories?post=7837"},{"taxonomy":"post_tag","embeddable":true,"href":"https:\/\/judc-fr.ch\/de\/wp-json\/wp\/v2\/tags?post=7837"}],"curies":[{"name":"wp","href":"https:\/\/api.w.org\/{rel}","templated":true}]}}