{"id":7836,"date":"2025-10-04T07:00:36","date_gmt":"2025-10-04T06:00:36","guid":{"rendered":"https:\/\/judc-fr.ch\/2025\/10\/04\/pas-de-suisse-a-10-millions-sauvons-notre-qualite-de-vie\/"},"modified":"2025-10-04T07:00:36","modified_gmt":"2025-10-04T06:00:36","slug":"pas-de-suisse-a-10-millions-sauvons-notre-qualite-de-vie","status":"publish","type":"post","link":"https:\/\/judc-fr.ch\/de\/2025\/10\/04\/pas-de-suisse-a-10-millions-sauvons-notre-qualite-de-vie\/","title":{"rendered":"Keine 10-Millionen-Schweiz - retten wir unsere Lebensqualit\u00e4t!"},"content":{"rendered":"<p>Die Schweiz kann nicht mehr so weitermachen. In nur zwei Jahrzehnten ist unsere Bev\u00f6lkerung in einem rasanten Tempo gewachsen, das in unserer Geschichte beispiellos ist. Und wenn nichts unternommen wird, k\u00f6nnte sie in wenigen Jahren auf 10 Millionen Einwohner anwachsen. Dies ist eine beunruhigende Realit\u00e4t f\u00fcr ein Bergland mit begrenzter Fl\u00e4che, dessen Infrastruktur bereits \u00fcberlastet ist.<\/p>\n<p><strong>Ein kleines Land, ein immenser Druck<br \/>\n<\/strong>Jeden Tag sind die Folgen sp\u00fcrbar: st\u00e4ndige Staus auf den Stra\u00dfen, \u00fcberf\u00fcllte Z\u00fcge, unbezahlbare Wohnungen, \u00fcberf\u00fcllte Krankenh\u00e4user, Schulen, die unter Strom stehen. Unsere Landschaften verschwinden unter Beton. Landwirtschaftliche Gebiete gehen zur\u00fcck, die Artenvielfalt bricht zusammen und die Mieten explodieren.<\/p>\n<p>Dieses galoppierende Wachstum ist nicht nat\u00fcrlich. Es ist das Ergebnis einer unkontrollierten Migrationspolitik, die sich weigert, die konkreten Auswirkungen auf den Alltag der Bev\u00f6lkerung zu sehen. Wir m\u00fcssen Stopp sagen. Nicht aus Feindseligkeit, sondern aus gesundem Menschenverstand. Es geht nicht um Ablehnung, sondern darum, das zu bewahren, was die Schweiz ausmacht: ihr Gleichgewicht, ihren Zusammenhalt, ihre Umwelt, ihre Identit\u00e4t.<\/p>\n<p><strong>Eine Initiative f\u00fcr Nachhaltigkeit und Freiheit<br \/>\n<\/strong>Die Initiative \"Stopp der 10-Millionen-Schweiz\" ist eine klare, demokratische und notwendige Antwort. Sie will ein einfaches Prinzip in der Verfassung verankern: Die st\u00e4ndige Wohnbev\u00f6lkerung darf eine f\u00fcr unser Land untragbare Schwelle nicht \u00fcberschreiten.<\/p>\n<p>Das bedeutet, endlich wieder die Kontrolle \u00fcber unsere Einwanderung zu \u00fcbernehmen, damit sie unseren tats\u00e4chlichen Bed\u00fcrfnissen entspricht. Es bedeutet, eine nachhaltige Entwicklung zu gew\u00e4hrleisten, die unseren Ressourcen, unserer Integrationsf\u00e4higkeit, unserer Infrastruktur und unserer Sicherheit Rechnung tr\u00e4gt.<\/p>\n<p>Wenn wir jetzt handeln, sch\u00fctzen wir unsere zuk\u00fcnftigen Freiheiten. Die Bev\u00f6lkerungsexplosion bedroht direkt unsere Souver\u00e4nit\u00e4t: mehr Energieabh\u00e4ngigkeit, mehr subventionierte Wohnungen, mehr Steuerdruck, mehr ausl\u00e4ndische Einmischung. Es ist auch eine Ma\u00dfnahme der Gerechtigkeit. Denn es sind in erster Linie die Mittel- und Unterschichten, die den Preis f\u00fcr dieses unkontrollierte Wachstum zahlen: L\u00f6hne unter Druck, Mangel an bezahlbarem Wohnraum, wachsende Unsicherheit, \u00fcberlastete Verkehrsmittel und vieles mehr.<\/p>\n<p><a href=\"https:\/\/initiativedurabilite.ch\/\">Die Initiative \"Stopp der 10-Millionen-Schweiz\" zu unterst\u00fctzen, bedeutet, sich zu weigern, unsere Lebensqualit\u00e4t, unsere Umwelt und unsere Freiheit auf dem Altar der Kurzfristigkeit und des Gutmenschentums zu opfern. Lassen Sie uns gemeinsam die Schweiz f\u00fcr eine stabile und ruhige Zukunft sch\u00fctzen.<\/a><\/p>","protected":false},"excerpt":{"rendered":"<p>La Suisse ne peut plus continuer ainsi. En \u00e0 peine deux d\u00e9cennies, notre population a augment\u00e9 \u00e0 un rythme effr\u00e9n\u00e9, sans pr\u00e9c\u00e9dent dans notre histoire. Et si rien n\u2019est fait, elle pourrait atteindre dix millions d\u2019habitants d\u2019ici quelques ann\u00e9es. C\u2019est [&hellip;]<\/p>\n","protected":false},"author":1,"featured_media":0,"comment_status":"","ping_status":"","sticky":false,"template":"","format":"standard","meta":{"footnotes":""},"categories":[60],"tags":[],"class_list":["post-7836","post","type-post","status-publish","format-standard","hentry","category-non-classifiee"],"_links":{"self":[{"href":"https:\/\/judc-fr.ch\/de\/wp-json\/wp\/v2\/posts\/7836","targetHints":{"allow":["GET"]}}],"collection":[{"href":"https:\/\/judc-fr.ch\/de\/wp-json\/wp\/v2\/posts"}],"about":[{"href":"https:\/\/judc-fr.ch\/de\/wp-json\/wp\/v2\/types\/post"}],"author":[{"embeddable":true,"href":"https:\/\/judc-fr.ch\/de\/wp-json\/wp\/v2\/users\/1"}],"replies":[{"embeddable":true,"href":"https:\/\/judc-fr.ch\/de\/wp-json\/wp\/v2\/comments?post=7836"}],"version-history":[{"count":0,"href":"https:\/\/judc-fr.ch\/de\/wp-json\/wp\/v2\/posts\/7836\/revisions"}],"wp:attachment":[{"href":"https:\/\/judc-fr.ch\/de\/wp-json\/wp\/v2\/media?parent=7836"}],"wp:term":[{"taxonomy":"category","embeddable":true,"href":"https:\/\/judc-fr.ch\/de\/wp-json\/wp\/v2\/categories?post=7836"},{"taxonomy":"post_tag","embeddable":true,"href":"https:\/\/judc-fr.ch\/de\/wp-json\/wp\/v2\/tags?post=7836"}],"curies":[{"name":"wp","href":"https:\/\/api.w.org\/{rel}","templated":true}]}}