{"id":7834,"date":"2025-10-01T15:48:33","date_gmt":"2025-10-01T14:48:33","guid":{"rendered":"https:\/\/judc-fr.ch\/2025\/10\/01\/nous-navons-pas-besoin-dapprentis-sorciers-mais-dune-armee-forte\/"},"modified":"2025-10-01T15:48:33","modified_gmt":"2025-10-01T14:48:33","slug":"nous-navons-pas-besoin-dapprentis-sorciers-mais-dune-armee-forte","status":"publish","type":"post","link":"https:\/\/judc-fr.ch\/de\/2025\/10\/01\/nous-navons-pas-besoin-dapprentis-sorciers-mais-dune-armee-forte\/","title":{"rendered":"Wir brauchen keine Zauberlehrlinge, sondern eine starke Armee!"},"content":{"rendered":"<p class=\"p1\">Am 26. Oktober 2023 wurde die Volksinitiative \"B\u00fcrgerdienst\" eingereicht; diese sieht vor, dass jede Person mit Schweizer Staatsb\u00fcrgerschaft einen \"Dienst zugunsten der Allgemeinheit und der Umwelt\" leistet. Dieser Dienst w\u00fcrde in Form eines Milit\u00e4rdienstes oder einer anderen gleichwertigen und gesetzlich anerkannten Form des Milizdienstes geleistet werden. Selbstverst\u00e4ndlich m\u00f6chten die Initianten, dass dieser Dienst \u00fcber die EO entlohnt wird.<\/p>\n<p class=\"p1\">Die Absicht mag lobenswert sein, aber diese Initiative ist in der Praxis nicht umsetzbar; sie ist sogar in Wirklichkeit sch\u00e4dlich f\u00fcr unser Land.<\/p>\n<p class=\"p1\"><b>Weigern Sie sich, Besch\u00e4ftigungsprogramme f\u00fcr Wehrdienstverweigerer zu schaffen<\/b><\/p>\n<p class=\"p1\">Die Schweiz verf\u00fcgt \u00fcber ein reiches und engagiertes Vereinsleben, das eine wesentliche Rolle bei der Erhaltung der lokalen Br\u00e4uche und der Kultur spielt. Wir brauchen also keine Art staatlich verordnetes Besch\u00e4ftigungsprogramm unter dem Deckmantel eines Engagementsiegels!<\/p>\n<p class=\"p1\">Im Falle einer Annahme der Initiative \"B\u00fcrgerdienst\" w\u00fcrde unsere Armee geschw\u00e4cht und damit die Sicherheit der Schweizer Bev\u00f6lkerung gef\u00e4hrdet. In einer Zeit zunehmender internationaler Spannungen brauchen wir keine Experimente von Zauberlehrlingen, sondern eine starke und einsatzbereite Armee.<\/p>\n<p class=\"p1\">Die Initiative zielt letztlich darauf ab, die Wehrpflicht durch einen diffusen Zivildienst zu ersetzen, der die milit\u00e4rische Verteidigungsf\u00e4higkeit schw\u00e4chen w\u00fcrde. Sicherheit ist keine freiwillige Aufgabe, sondern der grundlegende Auftrag der Armee und unseres neutralen Staates, der Schweiz. Dies geht uns alle an.<\/p>\n<p class=\"p1\">Anstatt eine neue B\u00fcrokratie zu schaffen, m\u00fcssen wir die Armee st\u00e4rken und den Zivildienst systematisch reduzieren, da dieser bereits zu viele Menschen davon abh\u00e4lt, ihren Milit\u00e4rdienst zu leisten. Aus diesem Grund lehne ich die Volksinitiative \"B\u00fcrgerdienst\" klar ab!<\/p>","protected":false},"excerpt":{"rendered":"<p>L\u2019initiative populaire \u00ab Service citoyen \u00bb a \u00e9t\u00e9 d\u00e9pos\u00e9e le 26 octobre 2023\u00a0; cette derni\u00e8re pr\u00e9voit que toute personne de nationalit\u00e9 suisse accomplisse un \u00ab service en faveur de la collectivit\u00e9 et de l\u2019environnement \u00bb. Ce service serait accompli sous [&hellip;]<\/p>\n","protected":false},"author":1,"featured_media":0,"comment_status":"","ping_status":"","sticky":false,"template":"","format":"standard","meta":{"footnotes":""},"categories":[60],"tags":[],"class_list":["post-7834","post","type-post","status-publish","format-standard","hentry","category-non-classifiee"],"_links":{"self":[{"href":"https:\/\/judc-fr.ch\/de\/wp-json\/wp\/v2\/posts\/7834","targetHints":{"allow":["GET"]}}],"collection":[{"href":"https:\/\/judc-fr.ch\/de\/wp-json\/wp\/v2\/posts"}],"about":[{"href":"https:\/\/judc-fr.ch\/de\/wp-json\/wp\/v2\/types\/post"}],"author":[{"embeddable":true,"href":"https:\/\/judc-fr.ch\/de\/wp-json\/wp\/v2\/users\/1"}],"replies":[{"embeddable":true,"href":"https:\/\/judc-fr.ch\/de\/wp-json\/wp\/v2\/comments?post=7834"}],"version-history":[{"count":0,"href":"https:\/\/judc-fr.ch\/de\/wp-json\/wp\/v2\/posts\/7834\/revisions"}],"wp:attachment":[{"href":"https:\/\/judc-fr.ch\/de\/wp-json\/wp\/v2\/media?parent=7834"}],"wp:term":[{"taxonomy":"category","embeddable":true,"href":"https:\/\/judc-fr.ch\/de\/wp-json\/wp\/v2\/categories?post=7834"},{"taxonomy":"post_tag","embeddable":true,"href":"https:\/\/judc-fr.ch\/de\/wp-json\/wp\/v2\/tags?post=7834"}],"curies":[{"name":"wp","href":"https:\/\/api.w.org\/{rel}","templated":true}]}}