{"id":7832,"date":"2025-09-28T15:20:03","date_gmt":"2025-09-28T14:20:03","guid":{"rendered":"https:\/\/judc-fr.ch\/2025\/09\/28\/labolition-de-la-valeur-locative-allege-la-charge-de-la-classe-moyenne\/"},"modified":"2025-09-28T15:20:03","modified_gmt":"2025-09-28T14:20:03","slug":"labolition-de-la-valeur-locative-allege-la-charge-de-la-classe-moyenne","status":"publish","type":"post","link":"https:\/\/judc-fr.ch\/de\/2025\/09\/28\/labolition-de-la-valeur-locative-allege-la-charge-de-la-classe-moyenne\/","title":{"rendered":"Abschaffung des Eigenmietwerts entlastet die Mittelschicht"},"content":{"rendered":"<p class=\"p1\">Das Ja zur Abschaffung des Eigenmietwerts ist eine gute Nachricht f\u00fcr die Mittelschicht, die einerseits in Zukunft steuerlich entlastet wird und f\u00fcr die andererseits der Erwerb von Wohneigentum erschwinglicher wird. Dar\u00fcber hinaus wird die von der Verfassung gesch\u00fctzte Eigentumsgarantie nicht mehr ausgeh\u00f6hlt. Es ist eigentlich unvorstellbar, dass es in unserem Land jemals eine Steuer auf ein fiktives Einkommen gegeben hat. Heute haben die Schweizer diese Anomalie endlich korrigiert.<\/p>\n<p class=\"p1\">Die Abschaffung des Eigenmietwerts macht den Erwerb von Wohneigentum wieder erschwinglicher. Die SVP fordert weitere Verbesserungen der Rahmenbedingungen f\u00fcr das Wohnen. Die heute \u00fcberm\u00e4ssige Zuwanderung muss unbedingt auf ein f\u00fcr unser Land und unsere Gesellschaft vertr\u00e4gliches Mass beschr\u00e4nkt werden; dies w\u00fcrde den Preisdruck auf dem Wohnungsmarkt verringern und das Wohnen - zur Miete oder im Eigentum - wieder erschwinglich machen.<\/p>\n<p class=\"p1\"><b>Die E-ID muss freiwillig bleiben!<\/b><\/p>\n<p class=\"p1\">Die SVP bedauert hingegen das Ja zum E-ID-Gesetz. Offenbar haben die Schweizer dem Versprechen des Bundesrates geglaubt, dass die E-ID fakultativ bleiben w\u00fcrde. Folglich ist der Bundesrat nun verpflichtet, diese Freiwilligkeit zu garantieren und den Schutz der pers\u00f6nlichen Daten jederzeit zu gew\u00e4hrleisten. Eine staatliche \u00dcberwachung durch die Hintert\u00fcr darf es nicht geben. Die SVP wird jeden Versuch, der in diese Richtung geht, entschieden bek\u00e4mpfen.<\/p>","protected":false},"excerpt":{"rendered":"<p>Le oui \u00e0 l\u2019abolition de la valeur locative est une bonne nouvelle pour la classe moyenne qui, d\u2019une part, b\u00e9n\u00e9ficiera \u00e0 l\u2019avenir d\u2019un all\u00e8gement fiscal et pour qui, d\u2019autre part, l\u2019acquisition d\u2019un logement sera plus abordable. De plus, la garantie [&hellip;]<\/p>\n","protected":false},"author":1,"featured_media":0,"comment_status":"","ping_status":"","sticky":false,"template":"","format":"standard","meta":{"footnotes":""},"categories":[60],"tags":[],"class_list":["post-7832","post","type-post","status-publish","format-standard","hentry","category-non-classifiee"],"_links":{"self":[{"href":"https:\/\/judc-fr.ch\/de\/wp-json\/wp\/v2\/posts\/7832","targetHints":{"allow":["GET"]}}],"collection":[{"href":"https:\/\/judc-fr.ch\/de\/wp-json\/wp\/v2\/posts"}],"about":[{"href":"https:\/\/judc-fr.ch\/de\/wp-json\/wp\/v2\/types\/post"}],"author":[{"embeddable":true,"href":"https:\/\/judc-fr.ch\/de\/wp-json\/wp\/v2\/users\/1"}],"replies":[{"embeddable":true,"href":"https:\/\/judc-fr.ch\/de\/wp-json\/wp\/v2\/comments?post=7832"}],"version-history":[{"count":0,"href":"https:\/\/judc-fr.ch\/de\/wp-json\/wp\/v2\/posts\/7832\/revisions"}],"wp:attachment":[{"href":"https:\/\/judc-fr.ch\/de\/wp-json\/wp\/v2\/media?parent=7832"}],"wp:term":[{"taxonomy":"category","embeddable":true,"href":"https:\/\/judc-fr.ch\/de\/wp-json\/wp\/v2\/categories?post=7832"},{"taxonomy":"post_tag","embeddable":true,"href":"https:\/\/judc-fr.ch\/de\/wp-json\/wp\/v2\/tags?post=7832"}],"curies":[{"name":"wp","href":"https:\/\/api.w.org\/{rel}","templated":true}]}}