{"id":7831,"date":"2025-09-27T10:58:21","date_gmt":"2025-09-27T09:58:21","guid":{"rendered":"https:\/\/judc-fr.ch\/2025\/09\/27\/la-propriete-doit-etre-un-droit-pas-un-fardeau-fiscal\/"},"modified":"2025-09-27T10:58:21","modified_gmt":"2025-09-27T09:58:21","slug":"la-propriete-doit-etre-un-droit-pas-un-fardeau-fiscal","status":"publish","type":"post","link":"https:\/\/judc-fr.ch\/de\/2025\/09\/27\/la-propriete-doit-etre-un-droit-pas-un-fardeau-fiscal\/","title":{"rendered":"Eigentum muss ein Recht sein, keine Steuerlast!"},"content":{"rendered":"<p>Wer in der Schweiz Hausbesitzer ist, muss heute dreifach b\u00fc\u00dfen: ein Leben lang sparen, eine Hypothek abbezahlen und ... f\u00fcr das Wohnen unter dem eigenen Dach besteuert werden. Die Steuer auf den Eigenmietwert beruht auf einer Fiktion: der Fiktion eines imagin\u00e4ren Einkommens, das der Eigent\u00fcmer nicht einnimmt.<\/p>\n<p>Diese Bestrafungslogik widerspricht dem gesunden Menschenverstand. Sie schreckt Familien von Investitionen ab, h\u00e4lt junge Menschen davon ab, f\u00fcr den Kauf einer Wohnung zu sparen, und bestraft Rentner, die nur noch eine Rente beziehen, aber weiterhin diese absurde Steuer zahlen m\u00fcssen.<\/p>\n<p><strong>Eine Steuer gegen das Sparen, gegen die Anstrengung<\/strong><br \/>\nIndem der Staat ein fiktives Einkommen besteuert, tritt er das Prinzip der Steuergerechtigkeit mit F\u00fc\u00dfen. Nicht die Spekulanten sind das Ziel, sondern die bescheidenen Schweizer, die verantwortungsvoll gehandelt haben. Das Ergebnis: Eigentum wird zu einem Luxus, der einer Minderheit vorbehalten ist, obwohl es als Pfeiler der sozialen Stabilit\u00e4t gef\u00f6rdert werden sollte.<\/p>\n<p>Die Steuer auf den Eigenmietwert trifft nicht nur die Brieftasche: Sie untergr\u00e4bt eine Vision der Gesellschaft, die auf Anstrengung, Vorsorge und Autonomie beruht. Indem er diejenigen, die gespart haben, \u00fcberm\u00e4\u00dfig besteuert, produziert der Staat eine Gesellschaft der Abh\u00e4ngigkeit statt der Verantwortung.<\/p>\n<p>Dieses ungerechte System ist das Ergebnis einer technokratischen und egalit\u00e4ren Vision von Steuern. Eine Vision, die im B\u00fcrger mit Eigentum nicht den Erbauer von Stabilit\u00e4t sieht, sondern eine Einkommensquelle, die es zu nutzen gilt. Eine Vision, die vergisst, dass das Wohnen, wie die Familie, ein Fundament der Freiheit ist.<\/p>\n<p><strong>Den B\u00fcrgern die Kontrolle \u00fcber ihre Zukunft zur\u00fcckgeben<\/strong><br \/>\nEs ist an der Zeit, das Blatt zu wenden. Die Initiative zur Abschaffung des Eigenmietwerts ist kein Privileg f\u00fcr einige wenige, sondern ein Sauerstoffsto\u00df f\u00fcr alle, die frei und vor allem in W\u00fcrde leben wollen.<\/p>\n<p>Steuern sollten kein Instrument der Bestrafung, sondern ein Instrument der Gerechtigkeit sein. Es ist h\u00f6chste Zeit, diejenigen zu respektieren, die sparen, diejenigen, die in ihre Zukunft investieren, diejenigen, die ihren Kindern ein Dach \u00fcber dem Kopf geben wollen.<\/p>\n<p>Die Initiative zur Abschaffung des Eigenmietwerts stellt die Gerechtigkeit wieder in den Mittelpunkt des Steuersystems. Sie verteidigt die Mittelschicht, Rentner, Familien und junge Menschen, die noch an den Traum von einem Zuhause glauben. Es ist an der Zeit, Ja zur Freiheit, Ja zum Eigentum, Ja zur W\u00fcrde zu sagen. Ja zu einer Schweiz, die Arbeit belohnt, nicht Sozialhilfe.<\/p>","protected":false},"excerpt":{"rendered":"<p>\u00catre propri\u00e9taire en Suisse, c\u2019est aujourd\u2019hui faire face \u00e0 une triple peine : \u00e9conomiser toute une vie, rembourser une hypoth\u00e8que, et\u2026 \u00eatre tax\u00e9 pour vivre sous son propre toit. L\u2019imp\u00f4t sur la valeur locative repose sur une fiction : celle [&hellip;]<\/p>\n","protected":false},"author":1,"featured_media":0,"comment_status":"","ping_status":"","sticky":false,"template":"","format":"standard","meta":{"footnotes":""},"categories":[60],"tags":[],"class_list":["post-7831","post","type-post","status-publish","format-standard","hentry","category-non-classifiee"],"_links":{"self":[{"href":"https:\/\/judc-fr.ch\/de\/wp-json\/wp\/v2\/posts\/7831","targetHints":{"allow":["GET"]}}],"collection":[{"href":"https:\/\/judc-fr.ch\/de\/wp-json\/wp\/v2\/posts"}],"about":[{"href":"https:\/\/judc-fr.ch\/de\/wp-json\/wp\/v2\/types\/post"}],"author":[{"embeddable":true,"href":"https:\/\/judc-fr.ch\/de\/wp-json\/wp\/v2\/users\/1"}],"replies":[{"embeddable":true,"href":"https:\/\/judc-fr.ch\/de\/wp-json\/wp\/v2\/comments?post=7831"}],"version-history":[{"count":0,"href":"https:\/\/judc-fr.ch\/de\/wp-json\/wp\/v2\/posts\/7831\/revisions"}],"wp:attachment":[{"href":"https:\/\/judc-fr.ch\/de\/wp-json\/wp\/v2\/media?parent=7831"}],"wp:term":[{"taxonomy":"category","embeddable":true,"href":"https:\/\/judc-fr.ch\/de\/wp-json\/wp\/v2\/categories?post=7831"},{"taxonomy":"post_tag","embeddable":true,"href":"https:\/\/judc-fr.ch\/de\/wp-json\/wp\/v2\/tags?post=7831"}],"curies":[{"name":"wp","href":"https:\/\/api.w.org\/{rel}","templated":true}]}}