{"id":7829,"date":"2025-09-25T09:51:16","date_gmt":"2025-09-25T08:51:16","guid":{"rendered":"https:\/\/judc-fr.ch\/2025\/09\/25\/le-nouveau-traite-dadhesion-fera-tourner-nos-traditions-au-vinaigre\/"},"modified":"2025-09-25T09:51:16","modified_gmt":"2025-09-25T08:51:16","slug":"le-nouveau-traite-dadhesion-fera-tourner-nos-traditions-au-vinaigre","status":"publish","type":"post","link":"https:\/\/judc-fr.ch\/de\/2025\/09\/25\/le-nouveau-traite-dadhesion-fera-tourner-nos-traditions-au-vinaigre\/","title":{"rendered":"Der neue Beitrittsvertrag wird unsere Traditionen in Essig verwandeln!"},"content":{"rendered":"<p>Wir sollten auch die gesamte B\u00fcrokratie der EU zur\u00fccknehmen. Diese will alles vom Bauernhof bis zum Teller regulieren, und das betrifft nicht nur internationale Fast-Food-Ketten, sondern auch die einfache Dorfbeiz, Marktst\u00e4nde, Hofl\u00e4den oder den Grillstand an der 1. August-Feier; Freiwillige m\u00fcssten Hygieneschulungen absolvieren, alle Zutaten auflisten und die K\u00fcchen zertifizieren.<\/p>\n<p>Mit diesem EU-Abkommen zur Lebensmittelsicherheit wird unsere direkte Demokratie ausgehebelt. Volksentscheide, Referenden und Konsultationen werden Augenwischerei sein, wenn Br\u00fcssel die Gesetze macht. Der Bundesrat wird zus\u00e4tzliche Befugnisse erhalten, um eigenst\u00e4ndig EU-Vorschriften einzuf\u00fchren. Der Weg der Mitentscheidung, der sich in der Schweiz mit einer starken Beteiligung von Verb\u00e4nden bew\u00e4hrt hat, wird damit begraben.<\/p>\n<table>\n<tbody>\n<tr>\n<td><strong>Was wird sich konkret \u00e4ndern?<\/strong>\n<ul>\n<li>Mit diesem Abkommen wird die Schweiz insgesamt \u00fcbernehmen <strong>61 Basisrechtsakte und 104 \u00c4nderungs- und Durchf\u00fchrungsrechtsakte.<\/strong> Damit werden wir Mitglied der \"common food safety area\" (dt.: gemeinsame Lebensmittelsicherheitszone).<\/li>\n<li>Diese decken auch Bereiche ab, die heute klar eigenst\u00e4ndig geregelt sind: Hygiene und R\u00fcckverfolgbarkeit, Meldepflichten oder Novel Foods (Insektenmehl, Laborfleisch...) und vieles mehr!<\/li>\n<li>Das Lebensmittelabkommen ist ein neues Abkommen. Alle bestehenden Regelungen m\u00fcssen vollst\u00e4ndig \u00fcbernommen werden (ohne parlamentarischen Prozess) und alle neuen Regelungen m\u00fcssen automatisch und dauerhaft in das Schweizer System integriert werden.<\/li>\n<li>Hinzu kommt eine Guillotine-Klausel: Eine K\u00fcndigung ist praktisch unm\u00f6glich, ohne andere Vereinbarungen zu gef\u00e4hrden; wir werden also gebunden sein.<\/li>\n<\/ul>\n<\/td>\n<\/tr>\n<\/tbody>\n<\/table>\n<p><strong>Ein Teil der Schweiz wird zerst\u00f6rt<\/strong><br \/>\nIm Laufe der Jahrhunderte hat sich unsere Landwirtschaft an die Berge, T\u00e4ler und Traditionen angepasst. Wir leben von Vielfalt und Qualit\u00e4t, nicht von anonymer Massenproduktion. Genau diese Vielfalt wird durch das Abkommen bedroht. Die europ\u00e4ischen Normen bedeuten Standardisierung und damit Uniformierung. Kleine K\u00e4sereien, Bauernm\u00e4rkte oder Direktvermarkter werden einer \u00fcberm\u00e4\u00dfigen B\u00fcrokratie ausgesetzt, die f\u00fcr gro\u00dfe Industrieunternehmen in Norddeutschland oder Polen konzipiert ist, nicht aber f\u00fcr Hofl\u00e4den in Appenzell oder im Wallis.<\/p>\n<p>Besonders absurd werden die Folgen im Alltag sein: Dorffeste, Schwingfeste oder Vereinsfeste m\u00fcssten die Hygienestandards der EU einhalten. Wer in Zukunft beim Grillfest am 1. August Grillw\u00fcrste verkauft, m\u00fcsste fast ein EU-Zertifikat erwerben. Freiwillige m\u00fcssten Hygieneschulungen absolvieren, Rezepte dokumentieren und K\u00fcchen zertifizieren. Ein Verein, der Marmelade f\u00fcr den Adventsmarkt kocht, w\u00fcrde rechtlich wie ein Industrieunternehmen behandelt. Dies w\u00fcrde nicht nur die Traditionen, sondern auch ein St\u00fcck Schweiz zerst\u00f6ren.<\/p>\n<p>Auch die Gastronomie w\u00e4re stark betroffen. Von der einfachen Dorfkneipe bis zum Gourmetrestaurant m\u00fcssten sich alle den gleichen b\u00fcrokratischen Auflagen der EU unterwerfen. Selbst traditionelle Gerichte wie Makkaroni aus dem Chalet oder R\u00f6sti m\u00fcssten pl\u00f6tzlich Allergenlisten, R\u00fcckverfolgbarkeit und Berge von Papierkram durchlaufen, als w\u00e4ren sie Tiefk\u00fchlprodukte.<\/p>\n<p><strong>Feldk\u00fcchen sollten den europ\u00e4ischen Standards entsprechen<\/strong><br \/>\nSelbst das Milit\u00e4r w\u00fcrde nicht verschont bleiben. Feldk\u00fcchen, die flexibel funktionieren m\u00fcssen, m\u00fcssten die europ\u00e4ischen Standards einhalten, einschlie\u00dflich der Temperatur\u00fcberwachung in den Bergen. Europ\u00e4ische Kontrolleure k\u00f6nnten die Einhaltung dieser Vorschriften \u00fcberwachen und zus\u00e4tzliche Steuern erheben. Das ist schlichtweg nicht nachhaltig!<\/p>\n<p>Die Schweiz verf\u00fcgt bereits heute \u00fcber eines der besten Lebensmittelsicherheitssysteme der Welt. Wir brauchen keine Bevormundung aus Br\u00fcssel, keine endlosen Formulare und keine EU-Inspektoren auf Dorffesten oder in Schulk\u00fcchen. Was wir brauchen, sind Autonomie, Pragmatismus und Vertrauen zwischen Erzeugern und Verbrauchern, wie es bislang immer der Fall war.<\/p>\n<p>Dieses Protokoll ist teuer, b\u00fcrokratisch und gef\u00e4hrlich f\u00fcr unseren Alltag. Es wird unsere Landwirtschaft zerst\u00f6ren, unsere Traditionen verderben, die Verbraucher ver\u00e4rgern und nur die EU-Beamten erfreuen. Kurz gesagt: Es ist kein Rezept f\u00fcr sichere Lebensmittel, sondern schlechter Wein, der zu Essig wird.<\/p>","protected":false},"excerpt":{"rendered":"<p>Nous devrions aussi reprendre toute la bureaucratie de l\u2019UE. Cette derni\u00e8re veut tout r\u00e9glementer, de la ferme \u00e0 l\u2019assiette et cela ne concerne pas seulement les cha\u00eenes internationales de restauration rapide, mais aussi le simple bistrot de village, les stands [&hellip;]<\/p>\n","protected":false},"author":1,"featured_media":0,"comment_status":"","ping_status":"","sticky":false,"template":"","format":"standard","meta":{"footnotes":""},"categories":[60],"tags":[],"class_list":["post-7829","post","type-post","status-publish","format-standard","hentry","category-non-classifiee"],"_links":{"self":[{"href":"https:\/\/judc-fr.ch\/de\/wp-json\/wp\/v2\/posts\/7829","targetHints":{"allow":["GET"]}}],"collection":[{"href":"https:\/\/judc-fr.ch\/de\/wp-json\/wp\/v2\/posts"}],"about":[{"href":"https:\/\/judc-fr.ch\/de\/wp-json\/wp\/v2\/types\/post"}],"author":[{"embeddable":true,"href":"https:\/\/judc-fr.ch\/de\/wp-json\/wp\/v2\/users\/1"}],"replies":[{"embeddable":true,"href":"https:\/\/judc-fr.ch\/de\/wp-json\/wp\/v2\/comments?post=7829"}],"version-history":[{"count":0,"href":"https:\/\/judc-fr.ch\/de\/wp-json\/wp\/v2\/posts\/7829\/revisions"}],"wp:attachment":[{"href":"https:\/\/judc-fr.ch\/de\/wp-json\/wp\/v2\/media?parent=7829"}],"wp:term":[{"taxonomy":"category","embeddable":true,"href":"https:\/\/judc-fr.ch\/de\/wp-json\/wp\/v2\/categories?post=7829"},{"taxonomy":"post_tag","embeddable":true,"href":"https:\/\/judc-fr.ch\/de\/wp-json\/wp\/v2\/tags?post=7829"}],"curies":[{"name":"wp","href":"https:\/\/api.w.org\/{rel}","templated":true}]}}