{"id":7828,"date":"2025-09-25T18:04:41","date_gmt":"2025-09-25T17:04:41","guid":{"rendered":"https:\/\/judc-fr.ch\/2025\/09\/25\/rejet-au-parlement-de-linitiative-pour-la-durabilite-ludc-est-le-seul-parti-engage-contre-limmigration-de-masse\/"},"modified":"2025-09-25T18:04:41","modified_gmt":"2025-09-25T17:04:41","slug":"rejet-au-parlement-de-linitiative-pour-la-durabilite-ludc-est-le-seul-parti-engage-contre-limmigration-de-masse","status":"publish","type":"post","link":"https:\/\/judc-fr.ch\/de\/2025\/09\/25\/rejet-au-parlement-de-linitiative-pour-la-durabilite-ludc-est-le-seul-parti-engage-contre-limmigration-de-masse\/","title":{"rendered":"Ablehnung der Nachhaltigkeitsinitiative im Parlament: Die SVP ist die einzige Partei, die sich gegen die Masseneinwanderung engagiert!"},"content":{"rendered":"<p class=\"p1\">Die Mitte-Links-Parteien haben heute im Nationalrat die Nachhaltigkeitsinitiative \"Keine 10-Millionen-Schweiz\" abgelehnt.<\/p>\n<p class=\"p1\">Die FDP, die Mitte, die Gr\u00fcnliberalen, die SP und die Gr\u00fcnen haben damit offiziell bekannt gegeben <b>dass sie sich nicht f\u00fcr die Probleme der Masseneinwanderung interessieren.<\/b> Diese Politiker interessieren sich noch weniger f\u00fcr das Wohlergehen der Schweiz und ihrer Bev\u00f6lkerung.<\/p>\n<p class=\"p1\">Der Mann hinter der Nachhaltigkeitsinitiative, der <b>Vizepr\u00e4sident der SVP Schweiz Thomas Matter<\/b>ist erstaunt \u00fcber die Ignoranz der Mitte-Links-Parteien: \"Es ist ersch\u00fctternd. Diese sogenannten Volksvertreter interessieren sich nicht f\u00fcr das Leid ihrer eigenen Bev\u00f6lkerung. Die Schweizer wollen keine Schweiz mit 10 Millionen Einwohnern, sie haben genug von der Wohnungsnot und den immer teureren Mieten, von \u00fcberf\u00fcllten Z\u00fcgen und immer mehr Staus, von Schulklassen ohne Schweizer Kinder und von steigender Gewalt und Kriminalit\u00e4t.\"<\/p>\n<p class=\"p1\"><b>Thomas Aeschi, Vorsitzender der SVP-Fraktion :<\/b> \" Unsere sch\u00f6ne Schweiz wird zubetoniert. Der Hauptgrund daf\u00fcr ist die \u00fcberm\u00e4ssige Einwanderung; im letzten Jahr sind 83'392 Menschen zus\u00e4tzlich in die Schweiz eingewandert. Hinzu kamen 27'740 Asylgesuche aus der ganzen Welt. Es sind also 110'000 zus\u00e4tzliche Menschen, die sich in einem einzigen Jahr in der Schweiz angesammelt haben! Wir m\u00fcssen dieser f\u00fcr unser Land sch\u00e4dlichen Masseneinwanderung ein Ende setzen\".<\/p>\n<p class=\"p1\"><b>Marcel Dettling<\/b>, <b>Parteivorsitzender der SVP<\/b>: \"Das kann so nicht weitergehen. Das ist zu viel. Diese Masseneinwanderung ist f\u00fcr unser kleines Land nicht mehr tragbar. Wir haben eine Verantwortung gegen\u00fcber unseren Kindern und unserer Natur\".<\/p>\n<p class=\"p1\"><b>Aufruf zum Handeln der SVP Schweiz<\/b><\/p>\n<p class=\"p1\">Setzen Sie ein Zeichen mit uns und setzen Sie das untenstehende Bild auf Ihren WhatsApp-Status! Unterst\u00fctzen Sie jetzt die Initiative f\u00fcr nachhaltige Entwicklung <a href=\"https:\/\/initiativedurabilite.ch\/\"><span class=\"s1\">www.initiativedurabilite.ch<\/span><\/a> ! Zeigen Sie auf diese Weise Ihre Unterst\u00fctzung f\u00fcr den Schutz unseres Landes.<\/p>\n<p class=\"p1\">Wir brauchen jeden!<\/p>\n<p><a href=\"https:\/\/www.udc.ch\/wp-content\/uploads\/sites\/2\/250926_NR-Abstimmung_NHI_WhatsApp-f_V2.png\"><img loading=\"lazy\" decoding=\"async\" class=\"alignnone wp-image-129962 size-large\" src=\"https:\/\/www.udc.ch\/wp-content\/uploads\/sites\/2\/250926_NR-Abstimmung_NHI_WhatsApp-f_V2-405x720.png\" alt=\"\" width=\"405\" height=\"720\" \/><\/a><\/p>","protected":false},"excerpt":{"rendered":"<p>Les partis de centre-gauche ont rejet\u00e9 aujourd\u2019hui au Conseil national l\u2019initiative pour la durabilit\u00e9 \u00ab Pas de Suisse \u00e0 10 millions \u00bb. Le PLR, le Centre, les Vert\u2019lib\u00e9raux, le PS et les Verts ont ainsi officiellement fait savoir qu\u2019ils ne [&hellip;]<\/p>\n","protected":false},"author":1,"featured_media":0,"comment_status":"","ping_status":"","sticky":false,"template":"","format":"standard","meta":{"footnotes":""},"categories":[60],"tags":[],"class_list":["post-7828","post","type-post","status-publish","format-standard","hentry","category-non-classifiee"],"_links":{"self":[{"href":"https:\/\/judc-fr.ch\/de\/wp-json\/wp\/v2\/posts\/7828","targetHints":{"allow":["GET"]}}],"collection":[{"href":"https:\/\/judc-fr.ch\/de\/wp-json\/wp\/v2\/posts"}],"about":[{"href":"https:\/\/judc-fr.ch\/de\/wp-json\/wp\/v2\/types\/post"}],"author":[{"embeddable":true,"href":"https:\/\/judc-fr.ch\/de\/wp-json\/wp\/v2\/users\/1"}],"replies":[{"embeddable":true,"href":"https:\/\/judc-fr.ch\/de\/wp-json\/wp\/v2\/comments?post=7828"}],"version-history":[{"count":0,"href":"https:\/\/judc-fr.ch\/de\/wp-json\/wp\/v2\/posts\/7828\/revisions"}],"wp:attachment":[{"href":"https:\/\/judc-fr.ch\/de\/wp-json\/wp\/v2\/media?parent=7828"}],"wp:term":[{"taxonomy":"category","embeddable":true,"href":"https:\/\/judc-fr.ch\/de\/wp-json\/wp\/v2\/categories?post=7828"},{"taxonomy":"post_tag","embeddable":true,"href":"https:\/\/judc-fr.ch\/de\/wp-json\/wp\/v2\/tags?post=7828"}],"curies":[{"name":"wp","href":"https:\/\/api.w.org\/{rel}","templated":true}]}}