{"id":7827,"date":"2025-09-24T12:27:21","date_gmt":"2025-09-24T11:27:21","guid":{"rendered":"https:\/\/judc-fr.ch\/2025\/09\/24\/protegeons-nos-frontieres-stop-a-limmigration-criminelle-de-lasile\/"},"modified":"2025-09-24T12:27:21","modified_gmt":"2025-09-24T11:27:21","slug":"protegeons-nos-frontieres-stop-a-limmigration-criminelle-de-lasile","status":"publish","type":"post","link":"https:\/\/judc-fr.ch\/de\/2025\/09\/24\/protegeons-nos-frontieres-stop-a-limmigration-criminelle-de-lasile\/","title":{"rendered":"Sch\u00fctzen Sie unsere Grenzen: Stoppt die kriminelle Asylmigration!"},"content":{"rendered":"<p class=\"p1\">Die Schweizer Bev\u00f6lkerung hat genug von der organisierten kriminellen Migration unter dem Deckmantel des Asyls. Jedes Jahr str\u00f6men Zehntausende sogenannter \"Asylsuchender\" aus allen Teilen der Welt in unser Land. Die meisten von ihnen werden von Schleppernetzwerken und linksgerichteten NGOs unterst\u00fctzt. Sie reisen durch unz\u00e4hlige sichere Drittl\u00e4nder, um in der Schweiz einen Asylantrag zu stellen. Die Kosten und die Kriminalit\u00e4t explodieren. Diesem missbr\u00e4uchlichen System muss ein Ende gesetzt werden. Zu diesem Zweck wurde die Volksinitiative \"Stopp dem Asylmissbrauch! (Grenzschutzinitiative)\" notwendig.<\/p>\n<p class=\"p1\"><b>Heute hat das Initiativkomitee zusammen mit der SVP-Fraktion und Vertretern der Kantone die Grenzschutzinitiative eingereicht. Da die Mitte-Links-Politiker und der sozialdemokratische Bundesrat Beat Jans nichts gegen den Asylmissbrauch unternehmen, liegt es nun am Schweizer Volk, die Sache selbst in die Hand zu nehmen.<\/b><\/p>\n<p class=\"p1\"><b><a href=\"https:\/\/www.udc.ch\/actualites\/publications\/exposes\/monsieur-jans-pour-la-population-suisse-la-coupe-est-pleine\/\" target=\"_blank\" rel=\"noopener\">Marcel Dettling<\/a>, Vorsitzender der SVP : <\/b>\" Grenzkontrollen sind wirksam. Das zeigen die Beispiele Italien oder Deutschland: Dort ist die Zahl der Erstantr\u00e4ge auf Asyl (von Januar bis August 2025) um die H\u00e4lfte zur\u00fcckgegangen! Bei uns sieht die Situation ganz anders aus: Beat Jans (SP), Vorsteher des Eidgen\u00f6ssischen Justiz- und Polizeidepartements (EJPD), unternimmt nichts gegen die kriminelle Asylmigration, er setzt nicht einmal die Initiativen des Parlaments um! Die Grenzschutzinitiative ist daher umso notwendiger\".<\/p>\n<p class=\"p1\"><b>C\u00e9line Amaudruz, Vizepr\u00e4sidentin der SVP :<\/b> \"Die Sicherheit in der Schweiz hat erheblich abgenommen. Vor allem Frauen werden bel\u00e4stigt und respektlos behandelt oder sogar Opfer von Gewalt. Einer der Hauptgr\u00fcnde f\u00fcr diese Entwicklung ist die Einwanderung von muslimischen M\u00e4nnern, die auf der Suche nach Asyl sind. Wir m\u00fcssen dieser Situation ein Ende setzen\".<\/p>\n<p class=\"p1\"><b>Piero Marchesi, Nationalrat der SVP :<\/b> \"Da mein Kanton ein Grenzkanton ist, sind wir direkt von der illegalen Einwanderung im Zusammenhang mit Asyl betroffen, hinter der sich kriminelle Organisationen verbergen. Wir m\u00fcssen die Grundlagen dieses missbr\u00e4uchlichen Systems torpedieren: Stopp dem Asyl f\u00fcr Personen, die \u00fcber ein sicheres Drittland in die Schweiz einreisen. Genau das ist das Ziel der Grenzschutzinitiative der SVP!\".<\/p>\n<p class=\"p1\"><b>Die Sonderdebatte \u00fcber Asyl zeigt, dass der sozialdemokratische Bundesrat Beat Jans und die Mitte-Links-Parteien die von der SVP vorgeschlagenen L\u00f6sungen blockieren.<\/b><\/p>\n<p class=\"p1\">Um dem Asylchaos ein Ende zu setzen, hat die SVP-Fraktion mehrere dringliche parlamentarische Vorst\u00f6sse eingereicht. Einmal mehr blockieren die Mitte-Links-Parteien im B\u00fcndnis mit dem SP-Bundesrat Beat Jans unsere L\u00f6sungen. Sie lehnten unter anderem die folgenden Motionen ab:<\/p>\n<ul class=\"ul1\">\n<li class=\"li4\">\"Zum Kern des Asylrechts zur\u00fcckkehren und nach dem Vorbild von Schweden und D\u00e4nemark Asyl nicht mehr auf unbestimmte Zeit gew\u00e4hren\" (Antrag <a href=\"https:\/\/www.parlament.ch\/fr\/ratsbetrieb\/suche-curia-vista\/geschaeft?AffairId=20244588\"><span class=\"s1\">24.4588<\/span><\/a>) und \"Tempor\u00e4res Asyl. Inspiriert von den schwedischen und d\u00e4nischen Modellen, um zum Kern des Asylrechts zur\u00fcckzukehren\" (Motion <a href=\"https:\/\/www.parlament.ch\/fr\/ratsbetrieb\/suche-curia-vista\/geschaeft?AffairId=20253743\"><span class=\"s1\">25.3743<\/span><\/a>) ;<\/li>\n<li class=\"li4\">\"Das Neuansiedlungsprogramm aussetzen, bis das Asylsystem stabilisiert ist\" (Antrag <a href=\"https:\/\/www.parlament.ch\/fr\/ratsbetrieb\/suche-curia-vista\/geschaeft?AffairId=20253601\"><span class=\"s1\">25.3601<\/span><\/a> und <a href=\"https:\/\/www.parlament.ch\/fr\/ratsbetrieb\/suche-curia-vista\/geschaeft?AffairId=20253625\"><span class=\"s1\">25.3625<\/span><\/a>) ;<\/li>\n<li class=\"li4\">\"Abschaffung des S-Status f\u00fcr Personen aus der Ukraine\" (Motion <a href=\"https:\/\/www.parlament.ch\/fr\/ratsbetrieb\/suche-curia-vista\/geschaeft?AffairId=20253602\"><span class=\"s1\">25.3602<\/span><\/a>) Aufhebung des Schutzstatus S (Motion <a href=\"https:\/\/www.parlament.ch\/fr\/ratsbetrieb\/suche-curia-vista\/geschaeft?AffairId=20253738\"><span class=\"s1\">25.3738<\/span><\/a>).<\/li>\n<\/ul>\n<p class=\"p1\"><b>Diese Sondersession zeigt deutlich, dass der sozialdemokratische Minister Beat Jans und die anderen Parteien nichts gegen den Asylmissbrauch unternehmen. Jetzt muss das Schweizer Volk klar \u00fcber die Grenzschutzinitiative der SVP abstimmen.<\/b><\/p>\n<p><a href=\"https:\/\/www.udc.ch\/bildergalerie\/protegeons-nos-frontieres-stop-a-limmigration-criminelle-de-lasile-24-09-2025\/\">Zur Fotogalerie.<\/a><\/p>","protected":false},"excerpt":{"rendered":"<p>La population suisse en a assez de la migration criminelle organis\u00e9e sous couvert d\u2019asile. Chaque ann\u00e9e, des dizaines de milliers de soi-disant \u00ab demandeurs d\u2019asile \u00bb affluent dans notre pays depuis les quatre coins du monde. La plupart d\u2019entre eux [&hellip;]<\/p>\n","protected":false},"author":1,"featured_media":0,"comment_status":"","ping_status":"","sticky":false,"template":"","format":"standard","meta":{"footnotes":""},"categories":[60],"tags":[],"class_list":["post-7827","post","type-post","status-publish","format-standard","hentry","category-non-classifiee"],"_links":{"self":[{"href":"https:\/\/judc-fr.ch\/de\/wp-json\/wp\/v2\/posts\/7827","targetHints":{"allow":["GET"]}}],"collection":[{"href":"https:\/\/judc-fr.ch\/de\/wp-json\/wp\/v2\/posts"}],"about":[{"href":"https:\/\/judc-fr.ch\/de\/wp-json\/wp\/v2\/types\/post"}],"author":[{"embeddable":true,"href":"https:\/\/judc-fr.ch\/de\/wp-json\/wp\/v2\/users\/1"}],"replies":[{"embeddable":true,"href":"https:\/\/judc-fr.ch\/de\/wp-json\/wp\/v2\/comments?post=7827"}],"version-history":[{"count":0,"href":"https:\/\/judc-fr.ch\/de\/wp-json\/wp\/v2\/posts\/7827\/revisions"}],"wp:attachment":[{"href":"https:\/\/judc-fr.ch\/de\/wp-json\/wp\/v2\/media?parent=7827"}],"wp:term":[{"taxonomy":"category","embeddable":true,"href":"https:\/\/judc-fr.ch\/de\/wp-json\/wp\/v2\/categories?post=7827"},{"taxonomy":"post_tag","embeddable":true,"href":"https:\/\/judc-fr.ch\/de\/wp-json\/wp\/v2\/tags?post=7827"}],"curies":[{"name":"wp","href":"https:\/\/api.w.org\/{rel}","templated":true}]}}