{"id":7826,"date":"2025-09-23T09:44:28","date_gmt":"2025-09-23T08:44:28","guid":{"rendered":"https:\/\/judc-fr.ch\/2025\/09\/23\/halte-a-linjustice-fiscale-oui-pour-defendre-la-classe-moyenne\/"},"modified":"2025-09-23T09:44:28","modified_gmt":"2025-09-23T08:44:28","slug":"halte-a-linjustice-fiscale-oui-pour-defendre-la-classe-moyenne","status":"publish","type":"post","link":"https:\/\/judc-fr.ch\/de\/2025\/09\/23\/halte-a-linjustice-fiscale-oui-pour-defendre-la-classe-moyenne\/","title":{"rendered":"Stopp der Steuerungerechtigkeit: JA zur Verteidigung der Mittelklasse"},"content":{"rendered":"<p>Dieser absurde Mechanismus l\u00e4uft darauf hinaus, dass Hausbesitzern, die in ihrem eigenen Haus wohnen, eine fiktive Miete auferlegt wird. Mit anderen Worten: Sie werden so besteuert, als w\u00e4ren sie Mieter ihrer selbst. Das ist ungerecht, unlogisch und zutiefst schockierend f\u00fcr all diejenigen, die vorausschauend handeln.<br \/>\nAm 28. September k\u00f6nnen die Schweizerinnen und Schweizer diese Ungerechtigkeit korrigieren, indem sie mit JA zur Abschaffung des Eigenmietwerts stimmen. Diese Abstimmung ist entscheidend, vor allem f\u00fcr die Mittelschicht, die als erste unter dieser Steuer leidet.<\/p>\n<p><strong>Die Mittelschicht zahlt zu viel f\u00fcr Wohnraum<\/strong><br \/>\nDenn wer zahlt diese Steuer? Es sind nicht die gro\u00dfen Verm\u00f6gen, die alles optimieren und abschreiben. Es sind die Familien, die Franken um Franken gespart haben, um ein Eigenheim zu erwerben. Es sind die Rentner, die nach einem Arbeitsleben immer noch jedes Jahr f\u00fcr das Wohnen in den eigenen vier W\u00e4nden bezahlen. Es sind die jungen Paare, die versuchen, Wohneigentum zu erwerben, aber von diesem System abgeschreckt werden.<\/p>\n<p>Schlimmer noch: Je mehr Sie Ihre Hypothek zur\u00fcckzahlen, desto mehr werden Sie bestraft. Das ist eine verkehrte Welt. Das derzeitige System entmutigt von finanzieller Unabh\u00e4ngigkeit und belohnt Verschuldung. In einer Zeit, in der so viele Familien M\u00fche haben, \u00fcber die Runden zu kommen, ist es an der Zeit, unserem Steuersystem wieder einen gesunden Menschenverstand zu verleihen.<\/p>\n<p><strong>Genug davon, diejenigen zu bestrafen, die sparen und zur\u00fcckzahlen<\/strong><br \/>\nDie Reform, die dem Volk vorgelegt wird, ist ausgewogen. Sie schafft die ungerechte Steuer auf den Eigenmietwert ab und beh\u00e4lt gleichzeitig gezielte Abz\u00fcge bei, insbesondere f\u00fcr junge K\u00e4ufer, energetische Renovierungen und Unterhaltskosten. Es handelt sich nicht um ein Geschenk an die Reichen, sondern um eine notwendige Korrektur eines Systems, das \u00fcberholt ist.<\/p>\n<p>Die SVP unterst\u00fctzt diese Reform, da sie die Eigenverantwortung st\u00e4rkt, den Steuerdruck auf die Mittelschicht verringert und die Sparanstrengungen respektiert.<\/p>\n<p>Ein JA zur Abschaffung des Eigenmietwerts am 28. September ist ein JA f\u00fcr mehr Gerechtigkeit, mehr Freiheit und mehr Respekt gegen\u00fcber denjenigen, die Verantwortung \u00fcbernehmen.<\/p>","protected":false},"excerpt":{"rendered":"<p>Ce m\u00e9canisme absurde revient \u00e0 imposer un loyer fictif aux propri\u00e9taires qui habitent leur propre logement. En d\u2019autres termes, on vous taxe comme si vous \u00e9tiez locataire de vous-m\u00eame. C\u2019est injuste, illogique et profond\u00e9ment choquant pour toutes celles et ceux [&hellip;]<\/p>\n","protected":false},"author":1,"featured_media":0,"comment_status":"","ping_status":"","sticky":false,"template":"","format":"standard","meta":{"footnotes":""},"categories":[60],"tags":[],"class_list":["post-7826","post","type-post","status-publish","format-standard","hentry","category-non-classifiee"],"_links":{"self":[{"href":"https:\/\/judc-fr.ch\/de\/wp-json\/wp\/v2\/posts\/7826","targetHints":{"allow":["GET"]}}],"collection":[{"href":"https:\/\/judc-fr.ch\/de\/wp-json\/wp\/v2\/posts"}],"about":[{"href":"https:\/\/judc-fr.ch\/de\/wp-json\/wp\/v2\/types\/post"}],"author":[{"embeddable":true,"href":"https:\/\/judc-fr.ch\/de\/wp-json\/wp\/v2\/users\/1"}],"replies":[{"embeddable":true,"href":"https:\/\/judc-fr.ch\/de\/wp-json\/wp\/v2\/comments?post=7826"}],"version-history":[{"count":0,"href":"https:\/\/judc-fr.ch\/de\/wp-json\/wp\/v2\/posts\/7826\/revisions"}],"wp:attachment":[{"href":"https:\/\/judc-fr.ch\/de\/wp-json\/wp\/v2\/media?parent=7826"}],"wp:term":[{"taxonomy":"category","embeddable":true,"href":"https:\/\/judc-fr.ch\/de\/wp-json\/wp\/v2\/categories?post=7826"},{"taxonomy":"post_tag","embeddable":true,"href":"https:\/\/judc-fr.ch\/de\/wp-json\/wp\/v2\/tags?post=7826"}],"curies":[{"name":"wp","href":"https:\/\/api.w.org\/{rel}","templated":true}]}}