{"id":7824,"date":"2025-09-19T16:30:38","date_gmt":"2025-09-19T15:30:38","guid":{"rendered":"https:\/\/judc-fr.ch\/2025\/09\/19\/avis-de-deces-alfred-heer\/"},"modified":"2025-09-19T16:30:38","modified_gmt":"2025-09-19T15:30:38","slug":"avis-de-deces-alfred-heer","status":"publish","type":"post","link":"https:\/\/judc-fr.ch\/de\/2025\/09\/19\/avis-de-deces-alfred-heer\/","title":{"rendered":"Todesanzeige - Alfred Heer"},"content":{"rendered":"<p>Die SVP-Fraktion betrauert den Tod von Alfred Heer. Mit ihm verliert die Schweizer Politik eine markante und unbestechliche Stimme. Er pr\u00e4gte die Partei w\u00e4hrend \u00fcber 30 Jahren und geh\u00f6rte zu den bekanntesten Vertretern der SVP auf Bundesebene.<\/p>\n<p>Dennoch stellte er nie seine Person oder seine Funktion als Nationalrat in den Vordergrund. Alfred Heer war f\u00fcr alle \"Fredi\": direkt in seinen Beziehungen, klar in seinen Positionen, ein Vertreter des Volkes, der keinen Unterschied zwischen einem Bundesrat und einem einfachen B\u00fcrger machte. So verschaffte er sich Respekt \u00fcber alle politischen Gr\u00e4ben hinweg.<\/p>\n<p>Fredi Heer hat verschiedene Partei\u00e4mter inne; er war viele Jahre lang Pr\u00e4sident der Z\u00fcrcher SVP und zuletzt Vizepr\u00e4sident der SVP-Bundeshausfraktion.<\/p>\n<p>Sein unerwarteter Tod ber\u00fchrt uns alle. Wir m\u00f6chten seiner Familie und seinen Angeh\u00f6rigen unser aufrichtiges Beileid aussprechen.<\/p>\n<p>Lieber Fredi, wir werden deinen Humor, deine Schlagfertigkeit und deinen unabh\u00e4ngigen Geist vermissen.<\/p>\n<p>Marcel Dettling, Pr\u00e4sident der SVP Schweiz<br \/>\nThomas Aeschi, Fraktionsvorsitzender der SVP Schweiz<\/p>","protected":false},"excerpt":{"rendered":"<p>Le groupe UDC pleure la disparition d\u2019Alfred Heer. Avec lui, la politique suisse perd une voix marquante et incorruptible. Il a marqu\u00e9 le parti pendant plus de 30 ans et comptait parmi les repr\u00e9sentants les plus connus de l\u2019UDC au [&hellip;]<\/p>\n","protected":false},"author":1,"featured_media":0,"comment_status":"","ping_status":"","sticky":false,"template":"","format":"standard","meta":{"footnotes":""},"categories":[60],"tags":[],"class_list":["post-7824","post","type-post","status-publish","format-standard","hentry","category-non-classifiee"],"_links":{"self":[{"href":"https:\/\/judc-fr.ch\/de\/wp-json\/wp\/v2\/posts\/7824","targetHints":{"allow":["GET"]}}],"collection":[{"href":"https:\/\/judc-fr.ch\/de\/wp-json\/wp\/v2\/posts"}],"about":[{"href":"https:\/\/judc-fr.ch\/de\/wp-json\/wp\/v2\/types\/post"}],"author":[{"embeddable":true,"href":"https:\/\/judc-fr.ch\/de\/wp-json\/wp\/v2\/users\/1"}],"replies":[{"embeddable":true,"href":"https:\/\/judc-fr.ch\/de\/wp-json\/wp\/v2\/comments?post=7824"}],"version-history":[{"count":0,"href":"https:\/\/judc-fr.ch\/de\/wp-json\/wp\/v2\/posts\/7824\/revisions"}],"wp:attachment":[{"href":"https:\/\/judc-fr.ch\/de\/wp-json\/wp\/v2\/media?parent=7824"}],"wp:term":[{"taxonomy":"category","embeddable":true,"href":"https:\/\/judc-fr.ch\/de\/wp-json\/wp\/v2\/categories?post=7824"},{"taxonomy":"post_tag","embeddable":true,"href":"https:\/\/judc-fr.ch\/de\/wp-json\/wp\/v2\/tags?post=7824"}],"curies":[{"name":"wp","href":"https:\/\/api.w.org\/{rel}","templated":true}]}}