{"id":7821,"date":"2025-09-16T08:05:49","date_gmt":"2025-09-16T07:05:49","guid":{"rendered":"https:\/\/judc-fr.ch\/2025\/09\/16\/le-28-septembre-oui-a-la-suppression-de-la-valeur-locative\/"},"modified":"2025-09-16T08:05:49","modified_gmt":"2025-09-16T07:05:49","slug":"le-28-septembre-oui-a-la-suppression-de-la-valeur-locative","status":"publish","type":"post","link":"https:\/\/judc-fr.ch\/de\/2025\/09\/16\/le-28-septembre-oui-a-la-suppression-de-la-valeur-locative\/","title":{"rendered":"Am 28. September: JA zur Abschaffung des Eigenmietwerts!"},"content":{"rendered":"<p>Wenn ein Paar arbeitet und dadurch ein Einkommen erwirtschaftet, muss dieses Einkommen versteuert werden. Auf den Teil des Einkommens, der nicht f\u00fcr laufende Ausgaben wie Strom, Essen oder Mobilit\u00e4t ausgegeben wird, muss am Ende des Jahres eine zweite Verm\u00f6genssteuer gezahlt werden. Wenn es einem Paar trotz Einkommens- und Verm\u00f6genssteuern gelungen ist, genug Geld zu sparen, um eine Wohnung oder ein Haus f\u00fcr sich und seine Kinder zu kaufen, ist es nicht richtig, dass diese Familie in den folgenden Jahren erneut zur Kasse gebeten wird, indem sie dem Staat Steuern auf ein fiktives Einkommen zahlen muss. Dar\u00fcber hinaus hat sie\u00a0<strong>bereits zweimal Steuern gezahlt haben<\/strong>\u00a0auf das Geld, mit dem sie die Wohnung gekauft hat: ein erstes Mal auf das Einkommen und ein zweites Mal auf das Verm\u00f6gen. Dass diese Familie nun ein drittes Mal vom Staat zur Kasse gebeten wird, bestraft die hart arbeitende Mittelschicht.<\/p>\n<p>Es gibt aber noch weitere Gr\u00fcnde, die f\u00fcr die Abschaffung des Eigenmietwerts sprechen: Heute ist das System so, dass es finanziell attraktiv ist, sich zu verschulden. Als Gesellschaft sollten wir jedoch Anreize schaffen, die die\u00a0<strong>individuelle Verantwortung<\/strong>. Schulden sollten nicht mehr von Steuervorteilen profitieren und es sollte sich wieder lohnen, sie zur\u00fcckzuzahlen, und genau das wird durch die Abschaffung des Eigenmietwerts geschehen. Dar\u00fcber hinaus hat das Parlament eine\u00a0<strong>ausgewogene Reform<\/strong>\u00a0Der Eigenmietwert wird abgeschafft, aber im Gegenzug werden auch die Abz\u00fcge f\u00fcr Hypothekarzinsen und Unterhalt abgeschafft. Es ist wichtig zu beachten, dass Hypothekarzinsen f\u00fcr an Dritte vermietete Immobilien weiterhin voll abgezogen werden k\u00f6nnen. Auch die kantonalen Abz\u00fcge f\u00fcr energetische Renovierungen sind weiterhin zul\u00e4ssig. Schliesslich ist zu betonen, dass die Steuern auf den Eigenmietwert in Zukunft vor allem in der Westschweiz massiv ansteigen werden, was insbesondere einkommensschwache Familien treffen wird, wenn nichts unternommen wird.<\/p>\n<p>Aus den oben genannten Gr\u00fcnden ist es wichtig und dringend, am 28. September mit JA zur Abschaffung des Eigenmietwerts zu stimmen. Damit werden wieder\u00a0<strong>Fairness<\/strong>\u00a0und von\u00a0<strong>Diskriminierung beenden<\/strong>\u00a0von denen die arbeitende Mittelschicht heute betroffen ist.<\/p>","protected":false},"excerpt":{"rendered":"<p>Si un couple travaille et g\u00e9n\u00e8re ainsi un revenu, ce revenu doit \u00eatre impos\u00e9. Sur la partie du revenu qui n\u2019est pas d\u00e9pens\u00e9e pour les d\u00e9penses courantes telles que l\u2019\u00e9lectricit\u00e9, la nourriture ou la mobilit\u00e9, un deuxi\u00e8me imp\u00f4t sur la [&hellip;]<\/p>\n","protected":false},"author":1,"featured_media":0,"comment_status":"","ping_status":"","sticky":false,"template":"","format":"standard","meta":{"footnotes":""},"categories":[60],"tags":[],"class_list":["post-7821","post","type-post","status-publish","format-standard","hentry","category-non-classifiee"],"_links":{"self":[{"href":"https:\/\/judc-fr.ch\/de\/wp-json\/wp\/v2\/posts\/7821","targetHints":{"allow":["GET"]}}],"collection":[{"href":"https:\/\/judc-fr.ch\/de\/wp-json\/wp\/v2\/posts"}],"about":[{"href":"https:\/\/judc-fr.ch\/de\/wp-json\/wp\/v2\/types\/post"}],"author":[{"embeddable":true,"href":"https:\/\/judc-fr.ch\/de\/wp-json\/wp\/v2\/users\/1"}],"replies":[{"embeddable":true,"href":"https:\/\/judc-fr.ch\/de\/wp-json\/wp\/v2\/comments?post=7821"}],"version-history":[{"count":0,"href":"https:\/\/judc-fr.ch\/de\/wp-json\/wp\/v2\/posts\/7821\/revisions"}],"wp:attachment":[{"href":"https:\/\/judc-fr.ch\/de\/wp-json\/wp\/v2\/media?parent=7821"}],"wp:term":[{"taxonomy":"category","embeddable":true,"href":"https:\/\/judc-fr.ch\/de\/wp-json\/wp\/v2\/categories?post=7821"},{"taxonomy":"post_tag","embeddable":true,"href":"https:\/\/judc-fr.ch\/de\/wp-json\/wp\/v2\/tags?post=7821"}],"curies":[{"name":"wp","href":"https:\/\/api.w.org\/{rel}","templated":true}]}}