{"id":7819,"date":"2025-09-13T07:00:14","date_gmt":"2025-09-13T06:00:14","guid":{"rendered":"https:\/\/judc-fr.ch\/2025\/09\/13\/accords-institutionnels-avec-lue-pire-que-prevu\/"},"modified":"2025-09-13T07:00:14","modified_gmt":"2025-09-13T06:00:14","slug":"accords-institutionnels-avec-lue-pire-que-prevu","status":"publish","type":"post","link":"https:\/\/judc-fr.ch\/de\/2025\/09\/13\/accords-institutionnels-avec-lue-pire-que-prevu\/","title":{"rendered":"Institutionelle Abkommen mit der EU: Schlimmer als erwartet!"},"content":{"rendered":"<p>Diese Abkommen stellen eine beispiellose Bedrohung f\u00fcr unsere Freiheiten, die Schweizer Souver\u00e4nit\u00e4t, unsere Unabh\u00e4ngigkeit und unsere direkte Demokratie dar.<\/p>\n<p>Ich habe den Bundesrat bereits zu drei Aspekten interpelliert:<\/p>\n<ul>\n<li><a href=\"https:\/\/www.parlament.ch\/fr\/ratsbetrieb\/suche-curia-vista\/geschaeft?AffairId=20253653\"><strong>Landwirtschaft<\/strong><\/a><strong>:<\/strong> die Abkommen mit der EU beinhalten eine EU-Verordnung 2017\/625. Diese 142 Seiten umfassende Verordnung erl\u00e4sst sehr viele Kontrollpflichten f\u00fcr die Landwirtschaft. Diese Verordnung wird Vorrang vor der Bundesgesetzgebung haben. Dies wird die B\u00fcrokratie und die Kontrollen f\u00fcr die landwirtschaftlichen Betriebe erh\u00f6hen und unsere Souver\u00e4nit\u00e4t in der Agrarpolitik schw\u00e4chen.<\/li>\n<li><a href=\"https:\/\/www.parlament.ch\/fr\/ratsbetrieb\/suche-curia-vista\/geschaeft?AffairId=20253656\"><strong>Einwanderung und Schutzklausel<\/strong><\/a><strong>:<\/strong> die erste Analyse der Schutzklausel f\u00fcr die Einwanderung stellt fest, dass diese unwirksam ist. Sie wird der Genehmigung des Schiedsgerichts unterliegen, und der Bund hat sich bereits jetzt (Art. 10 Abs. 5 des Protokolls) verpflichtet, jede Entscheidung des Schiedsgerichts zu respektieren. Mit anderen Worten: Die Schweiz wird ihre Einwanderung entgegen dem Willen des Volkes und unserer Verfassung weiterhin nicht unabh\u00e4ngig steuern k\u00f6nnen.<\/li>\n<li><a href=\"https:\/\/www.parlament.ch\/fr\/ratsbetrieb\/suche-curia-vista\/geschaeft?AffairId=20253650\"><strong>Liberalisierung des Strommarktes<\/strong><\/a><strong>: <\/strong>die Abkommen sehen eine vollst\u00e4ndige Liberalisierung des Strommarktes vor. Allerdings m\u00fcssen die Schweizer Elektrizit\u00e4tsunternehmen weiterhin verpflichtend den Solarstrom von Solaranlagen bis zu 200 kWh einkaufen. Wie kann das Gesch\u00e4ftsmodell funktionieren, wenn Schweizer Unternehmen bei der Stromlieferung mit ausl\u00e4ndischen Unternehmen konkurrieren m\u00fcssen und andererseits weiterhin verpflichtet sind, Solarstrom zu kaufen, der haupts\u00e4chlich in den Sommermonaten produziert, obwohl sie ihn nicht ben\u00f6tigen?<\/li>\n<\/ul>\n<p><strong>Diese ersten Analysen best\u00e4rken uns in unserer \u00dcberzeugung, dass diese neuen institutionellen Abkommen mit der EU schroff abzulehnen sind.<\/strong><\/p>","protected":false},"excerpt":{"rendered":"<p>Ces accords sont une menace sans pr\u00e9c\u00e9dent pour nos libert\u00e9s, pour la souverainet\u00e9 suisse, pour notre ind\u00e9pendance et pour notre d\u00e9mocratie directe. J\u2019ai interpell\u00e9 le Conseil f\u00e9d\u00e9ral d\u00e9j\u00e0 sur trois aspects\u00a0: Agriculture: les accords avec l\u2019UE int\u00e8grent un r\u00e8glement UE [&hellip;]<\/p>\n","protected":false},"author":1,"featured_media":0,"comment_status":"","ping_status":"","sticky":false,"template":"","format":"standard","meta":{"footnotes":""},"categories":[60],"tags":[],"class_list":["post-7819","post","type-post","status-publish","format-standard","hentry","category-non-classifiee"],"_links":{"self":[{"href":"https:\/\/judc-fr.ch\/de\/wp-json\/wp\/v2\/posts\/7819","targetHints":{"allow":["GET"]}}],"collection":[{"href":"https:\/\/judc-fr.ch\/de\/wp-json\/wp\/v2\/posts"}],"about":[{"href":"https:\/\/judc-fr.ch\/de\/wp-json\/wp\/v2\/types\/post"}],"author":[{"embeddable":true,"href":"https:\/\/judc-fr.ch\/de\/wp-json\/wp\/v2\/users\/1"}],"replies":[{"embeddable":true,"href":"https:\/\/judc-fr.ch\/de\/wp-json\/wp\/v2\/comments?post=7819"}],"version-history":[{"count":0,"href":"https:\/\/judc-fr.ch\/de\/wp-json\/wp\/v2\/posts\/7819\/revisions"}],"wp:attachment":[{"href":"https:\/\/judc-fr.ch\/de\/wp-json\/wp\/v2\/media?parent=7819"}],"wp:term":[{"taxonomy":"category","embeddable":true,"href":"https:\/\/judc-fr.ch\/de\/wp-json\/wp\/v2\/categories?post=7819"},{"taxonomy":"post_tag","embeddable":true,"href":"https:\/\/judc-fr.ch\/de\/wp-json\/wp\/v2\/tags?post=7819"}],"curies":[{"name":"wp","href":"https:\/\/api.w.org\/{rel}","templated":true}]}}