{"id":7818,"date":"2025-09-12T10:26:34","date_gmt":"2025-09-12T09:26:34","guid":{"rendered":"https:\/\/judc-fr.ch\/2025\/09\/12\/supprimons-une-injustice-fiscale-oui-a-la-fin-de-la-valeur-locative\/"},"modified":"2025-09-12T10:26:34","modified_gmt":"2025-09-12T09:26:34","slug":"supprimons-une-injustice-fiscale-oui-a-la-fin-de-la-valeur-locative","status":"publish","type":"post","link":"https:\/\/judc-fr.ch\/de\/2025\/09\/12\/supprimons-une-injustice-fiscale-oui-a-la-fin-de-la-valeur-locative\/","title":{"rendered":"Beseitigen wir eine steuerliche Ungerechtigkeit: JA zum Ende des Eigenmietwerts"},"content":{"rendered":"<p>Als Apotheker und Nationalrat glaube ich an die Eigenverantwortung des Einzelnen. Ich glaube auch, dass die Steuer auf realen, nachvollziehbaren Grundlagen beruhen muss und nicht auf imagin\u00e4ren Sch\u00e4tzungen, die vor allem Familien der Mittelschicht und Rentner treffen.<\/p>\n<p>Diese Besteuerung einer Miete, die man nicht einnimmt, hat in unserem Steuersystem keinen Platz mehr. Sie bestraft diejenigen, die jahrelang gespart haben, die ihre Hypothek abbezahlt haben und die einfach in Ruhe in ihrer Wohnung leben wollen. Man entmutigt die pers\u00f6nliche Vorsorge, bestraft das Sparen und besteuert ein bereits erworbenes Gut mit bereits versteuertem Geld.<\/p>\n<p><strong>Sparer nicht bestrafen<\/strong><br \/>\nAm 28. September haben die B\u00fcrger die Gelegenheit, diese Ungerechtigkeit zu beheben. Indem sie mit JA zur Abschaffung des Eigenmietwerts stimmen, setzen sie einem archaischen und ungerechten System ein Ende. Diese Reform beg\u00fcnstigt nicht die Reichen, wie manche glauben machen wollen. Sie stellt das Gleichgewicht wieder her, indem sie anerkennt, dass es zutiefst inakzeptabel ist, ein nicht vorhandenes Einkommen zu besteuern.<\/p>\n<p>Die Vorlage, \u00fcber die abgestimmt wird, wurde sorgf\u00e4ltig durchdacht. Er schafft den Eigenmietwert ab, beh\u00e4lt aber gezielte Abz\u00fcge bei, insbesondere f\u00fcr junge K\u00e4ufer und energetische Renovierungen. Es handelt sich um eine vern\u00fcnftige, gerechte und l\u00e4ngst \u00fcberf\u00e4llige Reform.<\/p>\n<p><strong>Reale Einkommen besteuern, nicht fiktive Einkommen<\/strong><br \/>\nIn der Schweiz zahlt man Steuern auf das, was man verdient, und nicht auf das, was man verdienen k\u00f6nnte. Das Prinzip ist einfach, und doch wird es f\u00fcr Hausbesitzer nicht eingehalten. Es ist an der Zeit, dem ein Ende zu setzen.<\/p>\n<p>Ich fordere Sie daher auf, am 28. September mit JA zu stimmen. Damit unser Steuersystem wieder vern\u00fcnftig wird. Damit Wohneigentum wieder ein erreichbares Ziel wird und nicht eine Steuerstrafe. Und vor allem, damit die Ungerechtigkeit ein Ende hat.<\/p>","protected":false},"excerpt":{"rendered":"<p>En tant que pharmacien et conseiller national, je crois \u00e0 la responsabilit\u00e9 individuelle. Je crois aussi que l\u2019imp\u00f4t doit reposer sur des bases r\u00e9elles, compr\u00e9hensibles, et non sur des estimations imaginaires qui frappent en particulier les familles de la classe [&hellip;]<\/p>\n","protected":false},"author":1,"featured_media":0,"comment_status":"","ping_status":"","sticky":false,"template":"","format":"standard","meta":{"footnotes":""},"categories":[60],"tags":[],"class_list":["post-7818","post","type-post","status-publish","format-standard","hentry","category-non-classifiee"],"_links":{"self":[{"href":"https:\/\/judc-fr.ch\/de\/wp-json\/wp\/v2\/posts\/7818","targetHints":{"allow":["GET"]}}],"collection":[{"href":"https:\/\/judc-fr.ch\/de\/wp-json\/wp\/v2\/posts"}],"about":[{"href":"https:\/\/judc-fr.ch\/de\/wp-json\/wp\/v2\/types\/post"}],"author":[{"embeddable":true,"href":"https:\/\/judc-fr.ch\/de\/wp-json\/wp\/v2\/users\/1"}],"replies":[{"embeddable":true,"href":"https:\/\/judc-fr.ch\/de\/wp-json\/wp\/v2\/comments?post=7818"}],"version-history":[{"count":0,"href":"https:\/\/judc-fr.ch\/de\/wp-json\/wp\/v2\/posts\/7818\/revisions"}],"wp:attachment":[{"href":"https:\/\/judc-fr.ch\/de\/wp-json\/wp\/v2\/media?parent=7818"}],"wp:term":[{"taxonomy":"category","embeddable":true,"href":"https:\/\/judc-fr.ch\/de\/wp-json\/wp\/v2\/categories?post=7818"},{"taxonomy":"post_tag","embeddable":true,"href":"https:\/\/judc-fr.ch\/de\/wp-json\/wp\/v2\/tags?post=7818"}],"curies":[{"name":"wp","href":"https:\/\/api.w.org\/{rel}","templated":true}]}}