{"id":7817,"date":"2025-09-11T09:35:40","date_gmt":"2025-09-11T08:35:40","guid":{"rendered":"https:\/\/judc-fr.ch\/2025\/09\/11\/oui-a-labolition-de-la-valeur-locative\/"},"modified":"2025-09-11T09:35:40","modified_gmt":"2025-09-11T08:35:40","slug":"oui-a-labolition-de-la-valeur-locative","status":"publish","type":"post","link":"https:\/\/judc-fr.ch\/de\/2025\/09\/11\/oui-a-labolition-de-la-valeur-locative\/","title":{"rendered":"JA zur Abschaffung des Eigenmietwerts!"},"content":{"rendered":"<p>W\u00e4hrend des Ersten Weltkriegs wurde der Eigenmietwert als Steuerbemessungsgrundlage eingef\u00fchrt, um in dieser Krisenzeit neue Einnahmen zu generieren. Damals als vor\u00fcbergehende Ma\u00dfnahme gedacht, verschwand er leider auch sp\u00e4ter nicht. Im Gegenteil, es wurden immer mehr Pflaster auf dieses grunds\u00e4tzlich falsch konzipierte Holzbein aufgeklebt.<\/p>\n<p>Der Eigenmietwert ist an sich schon eine Ungerechtigkeit: Warum sollte die Besteuerung eines fiktiven Einkommens (der Preis, zu dem man seine eigene Wohnung vermieten k\u00f6nnte) vern\u00fcnftig sein? Da sich der Gesetzgeber dieser grundlegenden Ungerechtigkeit bewusst war, wurden Korrekturma\u00dfnahmen in Form von Abz\u00fcgen f\u00fcr Hypothekarzinsen und Unterhaltskosten eingef\u00fchrt. Diese Ma\u00dfnahmen machen das System jedoch noch komplizierter und schaffen falsche Anreize: Immobilienbesitzer sind geneigt, sich weiter zu verschulden, weil sie glauben, dass es vorteilhaft ist, weniger Steuern zu zahlen, wenn sie die Zinsen abziehen k\u00f6nnen. Dabei vergessen sie jedoch, dass ihr Geld einfach in der Kasse der Bank landet und nicht in der des Finanzamtes.<\/p>\n<p><strong>St\u00e4rkung von Immobilienbesitzern aus der Mittelschicht...<\/strong><br \/>\nDer Eigenmietwert ist eine hohe Steuerbelastung, die jedes Jahr wiederkehrt. F\u00fcr Familien aus der Mittelschicht, die sich gerade noch ein Haus oder eine Wohnung leisten k\u00f6nnen, z\u00e4hlt jeder Franken. Die Steuerentlastung wird sehr willkommen sein und sich jedes Jahr auswirken. Die Abz\u00fcge f\u00fcr Unterhaltsarbeiten hingegen werden nur punktuell gew\u00e4hrt. Letztendlich werden jedes Jahr 1 bis 2 Milliarden Franken an Steuern in den Portemonnaies der Haus- und Wohnungseigent\u00fcmer verbleiben. Dies stellt eine deutliche Verbesserung dar. F\u00fcr den Bund, die Kantone und die Gemeinden k\u00f6nnen diese maximalen Verluste von 2 Milliarden leicht ausgeglichen werden. Dieser Betrag macht nur etwa 1 % der Gesamthaushalte aus, wir befinden uns also in der Haushaltsst\u00e4rke.<\/p>\n<p><strong>... und Rentner<\/strong><br \/>\nPensionierte Hauseigent\u00fcmer, die nur \u00fcber eine AHV-Rente oder eine bescheidene Pensionskasse verf\u00fcgen - z.B. weil das Geld der Pensionskasse in das Eigenheim investiert wird - sind manchmal nicht mehr in der Lage, diese Steuern zu bezahlen. Die Reform w\u00fcrde diesen dramatischen Situationen entgegenwirken. Auch Immobilienbesitzer, die AHV-Erg\u00e4nzungsleistungen beziehen (was m\u00f6glich ist, wenn der Nettowert ihres Immobilienverm\u00f6gens 112 Tausend Franken nicht \u00fcbersteigt), w\u00fcrden entlastet. Der Eigenmietwert wird n\u00e4mlich als Einkommen betrachtet, was zu einer Senkung der Erg\u00e4nzungsleistungen f\u00fchrt. Diese Ungerechtigkeit w\u00fcrde ebenfalls wegfallen.<\/p>\n<p>Ein Ja zur Abschaffung des Eigenmietwerts (durch Annahme des Beschlusses \u00fcber die Besteuerung von Zweitwohnungen) hilft also in erster Linie der aktiven oder pensionierten Mittelschicht!<\/p>","protected":false},"excerpt":{"rendered":"<p>Pendant la Premi\u00e8re Guerre mondiale, la valeur locative a \u00e9t\u00e9 introduite comme base d\u2019imposition afin de g\u00e9n\u00e9rer de nouvelles recettes en cette p\u00e9riode de crise. Con\u00e7ue \u00e0 l\u2019\u00e9poque comme une mesure provisoire, elle n\u2019a malheureusement pas disparu par la suite. [&hellip;]<\/p>\n","protected":false},"author":1,"featured_media":0,"comment_status":"","ping_status":"","sticky":false,"template":"","format":"standard","meta":{"footnotes":""},"categories":[60],"tags":[],"class_list":["post-7817","post","type-post","status-publish","format-standard","hentry","category-non-classifiee"],"_links":{"self":[{"href":"https:\/\/judc-fr.ch\/de\/wp-json\/wp\/v2\/posts\/7817","targetHints":{"allow":["GET"]}}],"collection":[{"href":"https:\/\/judc-fr.ch\/de\/wp-json\/wp\/v2\/posts"}],"about":[{"href":"https:\/\/judc-fr.ch\/de\/wp-json\/wp\/v2\/types\/post"}],"author":[{"embeddable":true,"href":"https:\/\/judc-fr.ch\/de\/wp-json\/wp\/v2\/users\/1"}],"replies":[{"embeddable":true,"href":"https:\/\/judc-fr.ch\/de\/wp-json\/wp\/v2\/comments?post=7817"}],"version-history":[{"count":0,"href":"https:\/\/judc-fr.ch\/de\/wp-json\/wp\/v2\/posts\/7817\/revisions"}],"wp:attachment":[{"href":"https:\/\/judc-fr.ch\/de\/wp-json\/wp\/v2\/media?parent=7817"}],"wp:term":[{"taxonomy":"category","embeddable":true,"href":"https:\/\/judc-fr.ch\/de\/wp-json\/wp\/v2\/categories?post=7817"},{"taxonomy":"post_tag","embeddable":true,"href":"https:\/\/judc-fr.ch\/de\/wp-json\/wp\/v2\/tags?post=7817"}],"curies":[{"name":"wp","href":"https:\/\/api.w.org\/{rel}","templated":true}]}}