{"id":7813,"date":"2025-09-02T09:24:24","date_gmt":"2025-09-02T08:24:24","guid":{"rendered":"https:\/\/judc-fr.ch\/2025\/09\/02\/explosion-des-couts-de-la-sante-les-immigres-ne-doivent-plus-profiter-de-notre-systeme\/"},"modified":"2025-09-02T09:24:24","modified_gmt":"2025-09-02T08:24:24","slug":"explosion-des-couts-de-la-sante-les-immigres-ne-doivent-plus-profiter-de-notre-systeme","status":"publish","type":"post","link":"https:\/\/judc-fr.ch\/de\/2025\/09\/02\/explosion-des-couts-de-la-sante-les-immigres-ne-doivent-plus-profiter-de-notre-systeme\/","title":{"rendered":"Explosion der Gesundheitskosten: Einwanderer d\u00fcrfen nicht l\u00e4nger von unserem System profitieren"},"content":{"rendered":"<p>Das Schweizer Gesundheitssystem kostet jedes Jahr rund 94 Milliarden Franken. Im Jahr 2000 lag diese Zahl noch bei 40 Milliarden Franken. <strong>\" In 25 Jahren haben sich die Gesundheitskosten also mehr als verdoppelt \".<\/strong>sagte <a href=\"https:\/\/www.udc.ch\/actualites\/publications\/exposes\/explosion-des-couts-sans-fin-en-25-ans-les-couts-de-la-sante-ont-plus-que-double\/\">Thomas de Courten<\/a>, Nationalrat (BL) und Mitglied der Gesundheitskommission des Nationalrats (SGK-N). Pro Person und Monat kostet das Gesundheitssystem 881 Franken, das sind mehr als 10'000 Franken pro Jahr. \"F\u00fcr Hunderttausende von Schweizern sind diese Kosten nicht mehr tragbar\", sagte die Genfer Nationalr\u00e4tin. <a href=\"https:\/\/www.udc.ch\/actualites\/publications\/exposes\/881-francs-par-mois-le-prix-insoutenable-pour-les-assures\/\">C\u00e9line Amaudruz<\/a>, Vizepr\u00e4sidentin der SVP Schweiz und ebenfalls Mitglied der SGK-N.<\/p>\n<p>Viele Familien wissen nicht mehr, wie sie die Krankenversicherungspr\u00e4mien bezahlen sollen, zumal diese manchmal sogar <strong>h\u00f6her<\/strong> als die monatliche Miete. \" Auch <strong>Senioren<\/strong>, die ihr ganzes Leben lang Pr\u00e4mien gezahlt haben, sind <strong>immer mehr mit untragbaren Selbstbehalten und Eigenanteilen konfrontiert werden\".<\/strong>Es ist nicht so, dass die <a href=\"https:\/\/www.udc.ch\/actualites\/publications\/exposes\/pas-de-reduction-des-couts-sans-mesures-radicales\/\">Vroni Thalmann-Bier<\/a>i, Luzerner Nationalr\u00e4tin und Mitglied der SGK-N. \"Als Sozialvorsteherin begegne ich regelm\u00e4ssig F\u00e4llen, die einem die Haare zu Berge stehen lassen.\"<\/p>\n<p>Hinzu kommt, dass die<strong> Mittelschicht<\/strong>Eine Person, die arbeitet und pers\u00f6nliche Verantwortung \u00fcbernimmt, ist <strong>doppelt bestraft<\/strong> im derzeitigen System, da sie die Pr\u00e4mien aus eigener Tasche bezahlt und au\u00dferdem mit ihren Steuern die <strong>Pr\u00e4mienverbilligungen f\u00fcr andere und Gratiskrankenkassen f\u00fcr Asylprofiteure<\/strong> die aus der ganzen Welt kamen.<\/p>\n<p><strong>Masseneinwanderung und Asylchaos treiben die Kosten in die H\u00f6he<\/strong><\/p>\n<p>Neben dem Krankenversicherungsgesetz (KVG), dem medizinischen Fortschritt und der Ausweitung der Leistungen ist eine der wichtigsten <strong>Faktoren f\u00fcr den Anstieg der Gesundheitskosten<\/strong> ist die <strong>Bev\u00f6lkerungswachstum<\/strong>. Im Jahr 2000 hatte die Schweiz etwas mehr als 7,1 Millionen Einwohner, heute sind es mehr als 9 Millionen. Der erste Grund f\u00fcr dieses Ph\u00e4nomen ist die<strong>Masseneinwanderung<\/strong> die durch den freien Personenverkehr innerhalb der EU induziert wird. Au\u00dferdem <strong>505'598 Asylantr\u00e4ge<\/strong> wurden zwischen 2000 und 2024 in der Schweiz eingereicht, dazu kommen noch etwa <strong>70.000 Ukrainer mit dem Status S.<\/strong><\/p>\n<p>Es ist kein Zufall, dass die Gesundheitskosten in diesem Zeitraum explodiert sind: <strong>\"Einwanderer und Asylbewerber haben sofort Anspruch auf alle Leistungen, ohne vorher Beitr\u00e4ge gezahlt zu haben\".<\/strong>Thomas de Courten erinnerte daran. Dies gilt sogar f\u00fcr abgelehnte und ausreisepflichtige Asylbewerber und andere Personen, die sich illegal im Land aufhalten.<\/p>\n<p>Auch die Familienzusammenf\u00fchrung ist problematisch. Heute kommen drei von zehn Einwanderern aus der EU auf diesem Weg in die Schweiz. Immer mehr \u00e4ltere Menschen wandern ein. Die <strong>Vertrag \u00fcber den Beitritt zur EU<\/strong> sieht seinerseits vor <strong>die Familienzusammenf\u00fchrung auszuweiten.<\/strong> Die Gesundheitskosten werden also weiterhin massiv steigen.<\/p>\n<p>Nach Berechnungen des Instituts f\u00fcr schweizerische Wirtschaftspolitik (IWP) ist das Durchschnittsalter der <strong>Einwanderer liegt bei 30 Jahren.<\/strong> Ein 30-j\u00e4hriger Immigrant hat Zugang zu allen Leistungen <strong>Gesundheit vom ersten Tag an, an dem er eine Versicherung abschlie\u00dft.<\/strong> Ein in der Schweiz geborener 30-J\u00e4hriger hat ebenfalls vollen Zugang, aber er hat bereits 30 Jahre lang Pr\u00e4mien bezahlt, d. h. <strong>etwa 65.000 Franken<\/strong>. Je \u00e4lter die Zuwanderer sind, desto gr\u00f6\u00dfer ist diese Finanzierungsl\u00fccke und desto wahrscheinlicher ist es, dass teure Leistungen in Anspruch genommen werden. <strong>\"Die unverantwortliche Einwanderungspolitik, die v\u00f6llig gescheiterte Asylpolitik und die falschen Anreize im Gesundheitswesen sind das Ergebnis der Politik der Linken\".<\/strong>Die <a href=\"https:\/\/www.udc.ch\/actualites\/publications\/exposes\/lexplosion-des-couts-de-la-sante-est-le-resultat-de-la-politique-de-la-gauche\/\">Michael Graber,<\/a> Nationalrat und Mitglied der SGK-N (VS).<\/p>\n<p><strong>Die L\u00f6sungen der SVP<\/strong><br \/>\nThomas de Courten meint, dass die Gesundheitskosten nur dann unter Kontrolle gehalten werden k\u00f6nnen, wenn <strong>Reformen, um negative Anreize zu korrigieren.<\/strong> Au\u00dferdem <strong>Ma\u00dfnahmen erforderlich sind<\/strong> um die Vorteile f\u00fcr Migranten und Zuwanderer zu korrigieren.<\/p>\n<p>Um die Kosten zu senken, hat die SVP in ihrem neuen Fondspapier eine Reihe von Ma\u00dfnahmen vorgestellt: <strong>\"Niedrige Krankenversicherungspr\u00e4mien f\u00fcr die Mittelschicht durch Senkung der Gesundheitskosten\".<\/strong> Zu diesen Ma\u00dfnahmen z\u00e4hlen :<\/p>\n<ul>\n<li><strong>Altersabh\u00e4ngiger Selbstbehalt f\u00fcr Zuwanderer :<\/strong> Je \u00e4lter eine Person bei ihrer Ankunft ist, desto h\u00f6her sollte ihre Mindestfranchise sein.<\/li>\n<li><strong>Begrenzte Leistungen im Asylbereich :<\/strong> Asylsuchende Migranten sollten nur Anspruch auf die notwendigsten medizinischen Leistungen haben, d. h. auf die Grundversorgung bei akuten Krankheiten oder Notf\u00e4llen. Die luxuri\u00f6se Freiheit der Wahl von \u00c4rzten, Krankenh\u00e4usern oder Therapien darf in solchen F\u00e4llen nicht erlaubt sein.<\/li>\n<li>Die Einf\u00fchrung einer Bagatellsteuer f\u00fcr Notf\u00e4lle, die Beibehaltung der Pr\u00e4mienregionen und die Erh\u00f6hung der Mindestfranchisen, um die Eigenverantwortung zu f\u00f6rdern und den Missbrauch zu verringern.<\/li>\n<li><strong>Altersgerechte Selbstbehalte :<\/strong> Auch hier ist ein Bonus-Malus-System erforderlich, das f\u00fcr Kostengerechtigkeit sorgt.<\/li>\n<li><strong>Mehr Effizienz und Transparenz :<\/strong> Abbau der B\u00fcrokratie, die unser Pflegepersonal erstickt, Koordination der Spitzenmedizin zwischen den Kantonen und Einf\u00fchrung von Mehrjahresvertr\u00e4gen, die die Verwaltungskosten senken.<\/li>\n<\/ul>\n<p>Laut C\u00e9line Amaudruz w\u00fcrden diese Ma\u00dfnahmen zu Einsparungen in Milliardenh\u00f6he f\u00fchren. \"Dies w\u00fcrde sich direkt in niedrigeren Pr\u00e4mien niederschlagen und die Kaufkraft vieler Menschen in unserem Land erh\u00f6hen\". Vroni Thalmann-Bieri sagte, dass \"wir nicht weniger, sondern eine gerechtere Solidarit\u00e4t fordern\": <strong>Unsere Bev\u00f6lkerung<\/strong>Die meisten Menschen haben seit Jahrzehnten Beitr\u00e4ge gezahlt und das Gesundheitssystem getragen, <strong>darf nicht schlechter behandelt werden als Immigranten und Migranten, die Asyl suchen\".<\/strong><\/p>\n<p><a href=\"https:\/\/www.udc.ch\/wp-content\/uploads\/sites\/2\/250902_Positionspapier-Gesundheit-final-f.pdf\">Fondsdokument : <strong>\"Niedrige Krankenkassenpr\u00e4mien f\u00fcr die Mittelschicht durch Senkung der Gesundheitskosten\".<\/strong><\/a><\/p>","protected":false},"excerpt":{"rendered":"<p>Le syst\u00e8me de sant\u00e9 suisse co\u00fbte chaque ann\u00e9e environ 94 milliards de francs. En 2000, ce chiffre \u00e9tait encore de 40 milliards de francs. \u00ab En 25 ans, les co\u00fbts de la sant\u00e9 ont donc plus que doubl\u00e9 \u00bb, a [&hellip;]<\/p>\n","protected":false},"author":1,"featured_media":0,"comment_status":"","ping_status":"","sticky":false,"template":"","format":"standard","meta":{"footnotes":""},"categories":[60],"tags":[],"class_list":["post-7813","post","type-post","status-publish","format-standard","hentry","category-non-classifiee"],"_links":{"self":[{"href":"https:\/\/judc-fr.ch\/de\/wp-json\/wp\/v2\/posts\/7813","targetHints":{"allow":["GET"]}}],"collection":[{"href":"https:\/\/judc-fr.ch\/de\/wp-json\/wp\/v2\/posts"}],"about":[{"href":"https:\/\/judc-fr.ch\/de\/wp-json\/wp\/v2\/types\/post"}],"author":[{"embeddable":true,"href":"https:\/\/judc-fr.ch\/de\/wp-json\/wp\/v2\/users\/1"}],"replies":[{"embeddable":true,"href":"https:\/\/judc-fr.ch\/de\/wp-json\/wp\/v2\/comments?post=7813"}],"version-history":[{"count":0,"href":"https:\/\/judc-fr.ch\/de\/wp-json\/wp\/v2\/posts\/7813\/revisions"}],"wp:attachment":[{"href":"https:\/\/judc-fr.ch\/de\/wp-json\/wp\/v2\/media?parent=7813"}],"wp:term":[{"taxonomy":"category","embeddable":true,"href":"https:\/\/judc-fr.ch\/de\/wp-json\/wp\/v2\/categories?post=7813"},{"taxonomy":"post_tag","embeddable":true,"href":"https:\/\/judc-fr.ch\/de\/wp-json\/wp\/v2\/tags?post=7813"}],"curies":[{"name":"wp","href":"https:\/\/api.w.org\/{rel}","templated":true}]}}