{"id":7812,"date":"2025-09-01T16:25:35","date_gmt":"2025-09-01T15:25:35","guid":{"rendered":"https:\/\/judc-fr.ch\/2025\/09\/01\/pas-de-voile-islamique-dans-les-ecoles-suisses\/"},"modified":"2025-09-01T16:25:35","modified_gmt":"2025-09-01T15:25:35","slug":"pas-de-voile-islamique-dans-les-ecoles-suisses","status":"publish","type":"post","link":"https:\/\/judc-fr.ch\/de\/2025\/09\/01\/pas-de-voile-islamique-dans-les-ecoles-suisses\/","title":{"rendered":"Kein islamischer Schleier in Schweizer Schulen!"},"content":{"rendered":"<p>Obwohl die Kantonsverfassungen die Kantone zur religi\u00f6sen Neutralit\u00e4t verpflichten, gibt es bis heute keine eidgen\u00f6ssische Regelung zum Tragen des islamischen Kopftuchs in der Schule. Dies wollen wir, das Komitee von Egerkingen, mit unserer Petition korrigieren. Chancengleichheit, Freiheit und gleiche Rechte stehen allen Kindern und Jugendlichen zu. Das Tragen des islamischen Schleiers in der Schule widerspricht diesen Werten. Wer an einer Schule in der Schweiz unterrichten will, muss sich anpassen und unsere schweizerischen Werte respektieren. Wir wollen nicht, dass unsere Kinder in \u00f6ffentlichen Schulen von Lehrerinnen unterrichtet werden, die ihren Kopf nur deshalb nicht vollst\u00e4ndig zeigen wollen oder k\u00f6nnen, weil eine fremde Religion es ihnen vorschreibt. Und ja: Ein islamischer Schleier ist nicht mit einem an einer Halskette getragenen Kreuz oder gar einer Kippa vergleichbar. Wir sind ein christliches Land und wollen das auch bleiben!<\/p>\n<p>Eine Lehrerin hat eine gewisse Vorbildfunktion f\u00fcr die Kinder, und deshalb muss sie unverschleiert unterrichten. Wenn wir jetzt nicht am Hebel ansetzen, wird es bald zu willk\u00fcrlichen religi\u00f6sen Unterrichtspraktiken an unseren Schweizer Schulen kommen. Wer sich nicht anpassen will, soll auch nicht an unseren Schulen unterrichten d\u00fcrfen. Selbst der Schweizerische Lehrerverband w\u00fcnscht sich eine eidgen\u00f6ssische Regelung und steht dieser Entwicklung skeptisch gegen\u00fcber. Wir bitten Sie daher, unsere Petition zu unterzeichnen, um das Tragen von muslimischen Kopft\u00fcchern an den Schulen in der Schweiz zu beenden.<\/p>\n<p>Unterzeichnen Sie jetzt die Petition : <a href=\"https:\/\/egerkingerkomitee.ch\/petition\/\" target=\"_blank\" rel=\"noopener\">www.egerkingerkomitee.ch\/petition\/<\/a><\/p>","protected":false},"excerpt":{"rendered":"<p>Bien que les constitutions cantonales soumettent les cantons \u00e0 la neutralit\u00e9 religieuse, il n\u2019existe jusqu\u2019\u00e0 pr\u00e9sent aucune r\u00e9glementation f\u00e9d\u00e9rale sur le port du voile islamique \u00e0 l\u2019\u00e9cole. C\u2019est ce que nous, le comit\u00e9 d\u2019Egerkingen, voulons corriger avec notre p\u00e9tition. L\u2019\u00e9galit\u00e9 [&hellip;]<\/p>\n","protected":false},"author":1,"featured_media":0,"comment_status":"","ping_status":"","sticky":false,"template":"","format":"standard","meta":{"footnotes":""},"categories":[60],"tags":[],"class_list":["post-7812","post","type-post","status-publish","format-standard","hentry","category-non-classifiee"],"_links":{"self":[{"href":"https:\/\/judc-fr.ch\/de\/wp-json\/wp\/v2\/posts\/7812","targetHints":{"allow":["GET"]}}],"collection":[{"href":"https:\/\/judc-fr.ch\/de\/wp-json\/wp\/v2\/posts"}],"about":[{"href":"https:\/\/judc-fr.ch\/de\/wp-json\/wp\/v2\/types\/post"}],"author":[{"embeddable":true,"href":"https:\/\/judc-fr.ch\/de\/wp-json\/wp\/v2\/users\/1"}],"replies":[{"embeddable":true,"href":"https:\/\/judc-fr.ch\/de\/wp-json\/wp\/v2\/comments?post=7812"}],"version-history":[{"count":0,"href":"https:\/\/judc-fr.ch\/de\/wp-json\/wp\/v2\/posts\/7812\/revisions"}],"wp:attachment":[{"href":"https:\/\/judc-fr.ch\/de\/wp-json\/wp\/v2\/media?parent=7812"}],"wp:term":[{"taxonomy":"category","embeddable":true,"href":"https:\/\/judc-fr.ch\/de\/wp-json\/wp\/v2\/categories?post=7812"},{"taxonomy":"post_tag","embeddable":true,"href":"https:\/\/judc-fr.ch\/de\/wp-json\/wp\/v2\/tags?post=7812"}],"curies":[{"name":"wp","href":"https:\/\/api.w.org\/{rel}","templated":true}]}}