{"id":7811,"date":"2025-08-30T07:00:19","date_gmt":"2025-08-30T06:00:19","guid":{"rendered":"https:\/\/judc-fr.ch\/2025\/08\/30\/la-neutralite-est-en-peril-defendons-notre-independance\/"},"modified":"2025-08-30T07:00:19","modified_gmt":"2025-08-30T06:00:19","slug":"la-neutralite-est-en-peril-defendons-notre-independance","status":"publish","type":"post","link":"https:\/\/judc-fr.ch\/de\/2025\/08\/30\/la-neutralite-est-en-peril-defendons-notre-independance\/","title":{"rendered":"Die Neutralit\u00e4t ist in Gefahr: Verteidigen wir unsere Unabh\u00e4ngigkeit!"},"content":{"rendered":"<p>Unsere Neutralit\u00e4t ist kein Luxus. Sie ist eine strategische Notwendigkeit und das Ergebnis einer politischen Tradition, die es uns erm\u00f6glicht hat, die schlimmsten Konflikte des letzten Jahrhunderts zu \u00fcberstehen. Sie hat die Schweiz zu einer anerkannten Vermittlerin gemacht. Und doch gibt Bern diese klare und sch\u00fctzende Linie nach und nach auf.<\/p>\n<p>Automatische Wiederaufnahme von Sanktionen, zweideutige Reden \u00fcber Milit\u00e4rb\u00fcndnisse: Alles deutet darauf hin, dass unsere Neutralit\u00e4t zu einem leeren, weil substanzentleerten Slogan geworden ist. Dieser freiwillige Verzicht untergr\u00e4bt unsere Glaubw\u00fcrdigkeit und beraubt uns der einzigartigen Rolle, die wir auf der internationalen B\u00fchne immer einnehmen konnten.<\/p>\n<p><strong>Ein allm\u00e4hliches Abrutschen<br \/>\n<\/strong>W\u00e4hrend die politischen Eliten mit der NATO und den Mechanismen der Europ\u00e4ischen Union flirten, h\u00e4lt ein Gro\u00dfteil der Bev\u00f6lkerung nach wie vor tief an der Neutralit\u00e4t fest. Denn der gesunde Menschenverstand des Volkes versteht noch immer, was einige Politiker vergessen zu haben scheinen: Die Neutralit\u00e4t ist ein diplomatischer Trumpf, eine Entscheidung f\u00fcr Verantwortung und eine Grundlage f\u00fcr unsere Sicherheit.<\/p>\n<p>Die in den letzten Jahren getroffenen Entscheidungen stehen im Widerspruch zu diesem Volkswillen. Sie sind Ausdruck einer zunehmenden Missachtung dessen, was das Volk will, und einer besorgniserregenden Unterwerfung unter Interessen, die nicht unsere eigenen sind.<\/p>\n<p><strong>Die Neutralit\u00e4t wiederherstellen: ein Akt des Mutes<br \/>\n<\/strong>Es ist noch Zeit zu handeln. Die Wiederherstellung der strikten und bewaffneten Neutralit\u00e4t bedeutet nicht, dass wir uns von der Welt abschotten. Es bedeutet, unsere Souver\u00e4nit\u00e4t zu bekr\u00e4ftigen. Es bedeutet, sich daf\u00fcr zu entscheiden, eine unabh\u00e4ngige Stimme zu sein, die unseren Werten treu bleibt und f\u00fcr den Frieden n\u00fctzlich ist.<\/p>\n<p>Diese R\u00fcckkehr zu den Grundlagen kann nur durch einen starken und klaren Volkswillen erreicht werden. Die Initiative f\u00fcr eine immerw\u00e4hrende Neutralit\u00e4t bietet endlich eine konkrete Antwort auf diese Problematik. Sie erm\u00f6glicht es, in der Verfassung zu verankern, was die Geschichte und die Vernunft gebieten: eine integrale, glaubw\u00fcrdige und daher respektierte Neutralit\u00e4t.<\/p>\n<p>Die Schweiz kann der Blocklogik, die die Welt zerrei\u00dft, nicht blindlings folgen. Sie kann nicht das verraten, was ihre Besonderheit ausmacht. Sie kann sich nicht unterwerfen, ohne sich selbst zu verlieren.<\/p>\n<p>Die Entscheidung f\u00fcr die Neutralit\u00e4t bedeutet, sich f\u00fcr Frieden statt Krieg, f\u00fcr Verantwortung statt Anpassung, f\u00fcr Unabh\u00e4ngigkeit statt Unterwerfung zu entscheiden. Es bedeutet, unsere Handlungsfreiheit, unsere kollektive Sicherheit und vor allem unsere Zukunft zu verteidigen.<\/p>\n<p>Lassen Sie uns mobilisieren. Sagen wir Nein zur Verw\u00e4sserung unserer nationalen Identit\u00e4t. Sagen wir Ja zu einer starken, freien und neutralen Schweiz. Nehmen wir gemeinsam unser Schicksal wieder in die Hand.<\/p>","protected":false},"excerpt":{"rendered":"<p>Notre neutralit\u00e9 n\u2019est pas un luxe. Elle est une n\u00e9cessit\u00e9 strat\u00e9gique, fruit d\u2019une tradition politique qui nous a permis de traverser les pires conflits du si\u00e8cle dernier. Elle a fait de la Suisse un m\u00e9diateur reconnu. Et pourtant, petit \u00e0 [&hellip;]<\/p>\n","protected":false},"author":1,"featured_media":0,"comment_status":"","ping_status":"","sticky":false,"template":"","format":"standard","meta":{"footnotes":""},"categories":[60],"tags":[],"class_list":["post-7811","post","type-post","status-publish","format-standard","hentry","category-non-classifiee"],"_links":{"self":[{"href":"https:\/\/judc-fr.ch\/de\/wp-json\/wp\/v2\/posts\/7811","targetHints":{"allow":["GET"]}}],"collection":[{"href":"https:\/\/judc-fr.ch\/de\/wp-json\/wp\/v2\/posts"}],"about":[{"href":"https:\/\/judc-fr.ch\/de\/wp-json\/wp\/v2\/types\/post"}],"author":[{"embeddable":true,"href":"https:\/\/judc-fr.ch\/de\/wp-json\/wp\/v2\/users\/1"}],"replies":[{"embeddable":true,"href":"https:\/\/judc-fr.ch\/de\/wp-json\/wp\/v2\/comments?post=7811"}],"version-history":[{"count":0,"href":"https:\/\/judc-fr.ch\/de\/wp-json\/wp\/v2\/posts\/7811\/revisions"}],"wp:attachment":[{"href":"https:\/\/judc-fr.ch\/de\/wp-json\/wp\/v2\/media?parent=7811"}],"wp:term":[{"taxonomy":"category","embeddable":true,"href":"https:\/\/judc-fr.ch\/de\/wp-json\/wp\/v2\/categories?post=7811"},{"taxonomy":"post_tag","embeddable":true,"href":"https:\/\/judc-fr.ch\/de\/wp-json\/wp\/v2\/tags?post=7811"}],"curies":[{"name":"wp","href":"https:\/\/api.w.org\/{rel}","templated":true}]}}