{"id":7810,"date":"2025-08-30T11:06:13","date_gmt":"2025-08-30T10:06:13","guid":{"rendered":"https:\/\/judc-fr.ch\/2025\/08\/30\/expulsion-des-touristes-criminels\/"},"modified":"2025-08-30T11:06:13","modified_gmt":"2025-08-30T10:06:13","slug":"expulsion-des-touristes-criminels","status":"publish","type":"post","link":"https:\/\/judc-fr.ch\/de\/2025\/08\/30\/expulsion-des-touristes-criminels\/","title":{"rendered":"Ausweisung von Kriminaltouristen"},"content":{"rendered":"<p>Kriminaltouristen und illegale Einwanderer begehen in der Schweiz immer mehr Verbrechen. Sie m\u00fcssen in Zukunft gezwungen werden, das Land so schnell wie m\u00f6glich zu verlassen. Deshalb unterst\u00fctzt die SVP-Fraktion die Motion <a href=\"https:\/\/www.parlament.ch\/fr\/ratsbetrieb\/suche-curia-vista\/geschaeft?AffairId=20253428\" target=\"_blank\" rel=\"noopener\" data-cke-saved-href=\"https:\/\/www.parlament.ch\/fr\/ratsbetrieb\/suche-curia-vista\/geschaeft?AffairId=20253428\">25.3428<\/a> der Kommission f\u00fcr Rechtsfragen des Nationalrats. Neu soll ein Strafbefehlsverfahren gen\u00fcgen, um die Ausweisung eines Ausl\u00e4nders ohne Aufenthaltsrecht anzuordnen. Heute ist eine Anklage vor einem Gericht erforderlich, was den Schweizer Justizapparat unn\u00f6tig belastet.<\/p>\n<p><strong>Bewaffnete Neutralit\u00e4t statt milit\u00e4rischer Abenteuer im Ausland<\/strong><br \/>\nDie Schweizer Neutralit\u00e4t, die uns mehr als 200 Jahre Frieden und Wohlstand beschert hat, wird noch weiter ausgehebelt; die Mitte-Links-Mehrheit der Sicherheitskommission des Nationalrates will, dass der Bundesrat ein Abkommen mit der EU im Bereich der Sicherheit und Verteidigung anstrebt. Die SVP-Fraktion lehnt die Motion ab <a href=\"https:\/\/www.parlament.ch\/fr\/ratsbetrieb\/suche-curia-vista\/geschaeft?AffairId=20253529\" target=\"_blank\" rel=\"noopener\" data-cke-saved-href=\"https:\/\/www.parlament.ch\/fr\/ratsbetrieb\/suche-curia-vista\/geschaeft?AffairId=20253529\">25.3529<\/a> Die bewaffnete Neutralit\u00e4t und nicht milit\u00e4rische Abenteuer mit der NATO und der EU m\u00fcssen im Zentrum der Schweizer Sicherheitspolitik stehen. Die Schweizer Armee muss mit den notwendigen personellen und finanziellen Mitteln ausgestattet werden, damit sie ihren Hauptauftrag erf\u00fcllen kann: Die Sicherheit und Souver\u00e4nit\u00e4t der Schweiz zu verteidigen.<\/p>\n<p>Auch der Autor des Vorschlags, der sozialdemokratische Nationalrat Fabian Molina, steht v\u00f6llig au\u00dferhalb des Bodens: Keinen Milit\u00e4rdienst leisten, die eigene Armee abschaffen wollen, die Schweizer R\u00fcstungsindustrie drangsalieren und verteufeln und nun ein Milit\u00e4rb\u00fcndnis mit der EU anstreben.<\/p>\n<p><strong>Keine Regulierungswut nach EU-Art<\/strong><br \/>\nDie Gruppe befasste sich auch mit den Grenzwerten f\u00fcr PFAS im Grundwasser. Es versteht sich von selbst, dass das Schweizer Grundwasser m\u00f6glichst frei von Chemikalien sein sollte. Dies ist bereits heute der Fall und es gibt ausreichende Richtlinien daf\u00fcr. Die Motionen <a href=\"https:\/\/www.parlament.ch\/fr\/ratsbetrieb\/suche-curia-vista\/geschaeft?AffairId=20253797\" target=\"_blank\" rel=\"noopener\" data-cke-saved-href=\"https:\/\/www.parlament.ch\/fr\/ratsbetrieb\/suche-curia-vista\/geschaeft?AffairId=20253797\">25.3797<\/a>, <a href=\"https:\/\/www.parlament.ch\/fr\/ratsbetrieb\/suche-curia-vista\/geschaeft?AffairId=20253801\" target=\"_blank\" rel=\"noopener\" data-cke-saved-href=\"https:\/\/www.parlament.ch\/fr\/ratsbetrieb\/suche-curia-vista\/geschaeft?AffairId=20253801\">25.3801<\/a>, <a href=\"https:\/\/www.parlament.ch\/fr\/ratsbetrieb\/suche-curia-vista\/geschaeft?AffairId=20253835\" target=\"_blank\" rel=\"noopener\" data-cke-saved-href=\"https:\/\/www.parlament.ch\/fr\/ratsbetrieb\/suche-curia-vista\/geschaeft?AffairId=20253835\">25.3835<\/a>, <a href=\"https:\/\/www.parlament.ch\/fr\/ratsbetrieb\/suche-curia-vista\/geschaeft?AffairId=20253902\" target=\"_blank\" rel=\"noopener\" data-cke-saved-href=\"https:\/\/www.parlament.ch\/fr\/ratsbetrieb\/suche-curia-vista\/geschaeft?AffairId=20253902\">25.3902<\/a> und <a href=\"https:\/\/www.parlament.ch\/fr\/ratsbetrieb\/suche-curia-vista\/geschaeft?AffairId=20253930\" target=\"_blank\" rel=\"noopener\" data-cke-saved-href=\"https:\/\/www.parlament.ch\/fr\/ratsbetrieb\/suche-curia-vista\/geschaeft?AffairId=20253930\">25.3930<\/a> wollen jedoch deutlich weiter gehen. Die SVP-Fraktion lehnt die unn\u00f6tige und teure Regulierungsflut, wie sie in der EU praktiziert wird, einstimmig ab.<\/p>","protected":false},"excerpt":{"rendered":"<p>Les touristes criminels et les clandestins commettent de plus en plus de crimes en Suisse. Ils doivent \u00e0 l\u2019avenir \u00eatre contraints de quitter le pays le plus rapidement possible et c\u2019est pourquoi le groupe UDC soutient la motion 25.3428 de [&hellip;]<\/p>\n","protected":false},"author":1,"featured_media":0,"comment_status":"","ping_status":"","sticky":false,"template":"","format":"standard","meta":{"footnotes":""},"categories":[60],"tags":[],"class_list":["post-7810","post","type-post","status-publish","format-standard","hentry","category-non-classifiee"],"_links":{"self":[{"href":"https:\/\/judc-fr.ch\/de\/wp-json\/wp\/v2\/posts\/7810","targetHints":{"allow":["GET"]}}],"collection":[{"href":"https:\/\/judc-fr.ch\/de\/wp-json\/wp\/v2\/posts"}],"about":[{"href":"https:\/\/judc-fr.ch\/de\/wp-json\/wp\/v2\/types\/post"}],"author":[{"embeddable":true,"href":"https:\/\/judc-fr.ch\/de\/wp-json\/wp\/v2\/users\/1"}],"replies":[{"embeddable":true,"href":"https:\/\/judc-fr.ch\/de\/wp-json\/wp\/v2\/comments?post=7810"}],"version-history":[{"count":0,"href":"https:\/\/judc-fr.ch\/de\/wp-json\/wp\/v2\/posts\/7810\/revisions"}],"wp:attachment":[{"href":"https:\/\/judc-fr.ch\/de\/wp-json\/wp\/v2\/media?parent=7810"}],"wp:term":[{"taxonomy":"category","embeddable":true,"href":"https:\/\/judc-fr.ch\/de\/wp-json\/wp\/v2\/categories?post=7810"},{"taxonomy":"post_tag","embeddable":true,"href":"https:\/\/judc-fr.ch\/de\/wp-json\/wp\/v2\/tags?post=7810"}],"curies":[{"name":"wp","href":"https:\/\/api.w.org\/{rel}","templated":true}]}}