{"id":7809,"date":"2025-08-29T17:18:47","date_gmt":"2025-08-29T16:18:47","guid":{"rendered":"https:\/\/judc-fr.ch\/2025\/08\/29\/fete-populaire-et-droits-populaires\/"},"modified":"2025-08-29T17:18:47","modified_gmt":"2025-08-29T16:18:47","slug":"fete-populaire-et-droits-populaires","status":"publish","type":"post","link":"https:\/\/judc-fr.ch\/de\/2025\/08\/29\/fete-populaire-et-droits-populaires\/","title":{"rendered":"Volksfest und Volksrechte"},"content":{"rendered":"<p>Sie wenden alle Tricks an: Die Europhilen wollen kein obligatorisches Referendum \u00fcber den EU-Beitrittsvertrag, ein <strong>Abhandlung mit 2'228 Seiten<\/strong> und mehr als 20.000 Seiten an Verordnungen... und die uns zwingt <strong>automatisch das EU-Recht \u00fcbernehmen<\/strong> und unterwirft uns der <strong>Europ\u00e4ische Gerichtsh\u00f6fe.\u00a0<\/strong><\/p>\n<p>Mit dem EU-Beitrittsvertrag wird unsere direkte Demokratie und damit unsere Volksrechte ausgehebelt. Die SVP-Fraktion bekr\u00e4ftigt ihre Forderung nach einer Volksabstimmung mit obligatorischem Referendum \u00fcber das EU-Vertragspaket. Um dies zu erreichen, fordert sie <strong>der Vorschlag des EJPD von 2004 ver\u00f6ffentlicht wird<\/strong> : Damals forderte das Justizdepartement eine obligatorische Volksabstimmung \u00fcber die Abkommen von Schengen\/Dublin (<a href=\"https:\/\/www.parlament.ch\/fr\/ratsbetrieb\/suche-curia-vista\/geschaeft?AffairId=20253566\" target=\"_blank\" rel=\"noopener\" data-cke-saved-href=\"https:\/\/www.parlament.ch\/fr\/ratsbetrieb\/suche-curia-vista\/geschaeft?AffairId=20253566\">25.3566<\/a> \/ <a href=\"https:\/\/www.parlament.ch\/fr\/ratsbetrieb\/suche-curia-vista\/geschaeft?AffairId=20253634\" target=\"_blank\" rel=\"noopener\" data-cke-saved-href=\"https:\/\/www.parlament.ch\/fr\/ratsbetrieb\/suche-curia-vista\/geschaeft?AffairId=20253634\">25.3634<\/a>).<\/p>\n<p><strong>Vier Vorst\u00f6sse gegen das Asylchaos von Bundesrat Beat Jans<\/strong><br \/>\nDer sozialdemokratische Asylminister Beat Jans l\u00e4sst weiterhin Zehntausende von Kriminellen und Asylgewinnlern in die Schweiz einreisen. Dieses Chaos kostet die Steuerzahler j\u00e4hrlich Milliarden von Franken, Gewalt und Kriminalit\u00e4t steigen rapide an. Die SVP-Fraktion unterst\u00fctzt im St\u00e4nderat geschlossen vier Vorst\u00f6sse zum Asylwesen:<\/p>\n<ul>\n<li>Der Antrag <a href=\"https:\/\/www.parlament.ch\/fr\/ratsbetrieb\/suche-curia-vista\/geschaeft?AffairId=20253742\" target=\"_blank\" rel=\"noopener\" data-cke-saved-href=\"https:\/\/www.parlament.ch\/fr\/ratsbetrieb\/suche-curia-vista\/geschaeft?AffairId=20253742\">25.3742<\/a> von SVP-St\u00e4nderat Marco Chiesa fordert, dass die Sozialhilfe f\u00fcr Personen aus dem Asylbereich auf einem niedrigeren Niveau als f\u00fcr in der Schweiz ans\u00e4ssige Personen festgelegt wird.<\/li>\n<li>Der Antrag <a href=\"https:\/\/www.parlament.ch\/fr\/ratsbetrieb\/suche-curia-vista\/geschaeft?AffairId=20253712\" target=\"_blank\" rel=\"noopener\" data-cke-saved-href=\"https:\/\/www.parlament.ch\/fr\/ratsbetrieb\/suche-curia-vista\/geschaeft?AffairId=20253712\">25.3712<\/a> von SVP-St\u00e4nder\u00e4tin Esther Friedli fordert, dass die freie Wahl des Wohnortes von Asylsuchenden eingeschr\u00e4nkt wird. Die Kantone sollen mehr Kompetenzen in Bezug auf die Unterbringung von asylsuchenden Migranten erhalten.<\/li>\n<li>Der Antrag <a href=\"https:\/\/www.parlament.ch\/fr\/ratsbetrieb\/suche-curia-vista\/geschaeft?AffairId=20253635\" target=\"_blank\" rel=\"noopener\" data-cke-saved-href=\"https:\/\/www.parlament.ch\/fr\/ratsbetrieb\/suche-curia-vista\/geschaeft?AffairId=20253635\">25.3635<\/a> von SVP-St\u00e4nderat Jakob Stark will die M\u00f6glichkeit einschr\u00e4nken, in Asylbeschwerdeverfahren unentgeltlich Anw\u00e4lte beizuziehen. Die aktuelle Praxis f\u00fchrt zu teuren und aussichtslosen Klagen, die das gesamte Asylsystem auf Kosten der Schweizer Steuerzahler belasten.<\/li>\n<li>Dar\u00fcber hinaus unterst\u00fctzt die SVP-Fraktion die<a href=\"https:\/\/www.parlament.ch\/fr\/ratsbetrieb\/suche-curia-vista\/geschaeft?AffairId=20240315\" target=\"_blank\" rel=\"noopener\" data-cke-saved-href=\"https:\/\/www.parlament.ch\/fr\/ratsbetrieb\/suche-curia-vista\/geschaeft?AffairId=20240315\">Standesinitiative des Kantons St. Gallen<\/a> in dem die Einf\u00fchrung von Zahlungskarten f\u00fcr Personen aus dem Asylbereich gefordert wird. Diese Ma\u00dfnahme soll die Attraktivit\u00e4t der Schweiz f\u00fcr Schlepper und Asylprofiteure verringern.<\/li>\n<\/ul>\n<p><strong>Schuldenbremse und Kampffest<\/strong><br \/>\nDer Vorschlag der sozialdemokratischen St\u00e4nder\u00e4tin Eva Herzog (<a href=\"https:\/\/www.parlament.ch\/fr\/ratsbetrieb\/suche-curia-vista\/geschaeft?AffairId=20253233\" target=\"_blank\" rel=\"noopener\" data-cke-saved-href=\"https:\/\/www.parlament.ch\/fr\/ratsbetrieb\/suche-curia-vista\/geschaeft?AffairId=20253233\">25.3233<\/a>) wurde einstimmig abgelehnt. Diese zielt darauf ab, die bew\u00e4hrte Schuldenbremse aufzuweichen und damit die T\u00fcr f\u00fcr noch mehr Staatsausgaben, Schulden und Steuern zu \u00f6ffnen.<\/p>\n<p>Nach der Sitzung bei NETSTAL Maschinen AG besuchte die SVP-Fraktion das Festgel\u00e4nde des ESAF in Mollis. <strong>Wie das Ringen steht auch der SVP f\u00fcr Kampfgeist, Tradition und Zusammenhalt.\u00a0<\/strong><\/p>","protected":false},"excerpt":{"rendered":"<p>Ils usent de tous les stratag\u00e8mes\u00a0: Les europhiles ne veulent pas d\u2019un r\u00e9f\u00e9rendum obligatoire sur le trait\u00e9 d\u2019adh\u00e9sion \u00e0 l\u2019UE, un trait\u00e9 de 2\u2019228 pages et plus de 20\u2019000 pages de r\u00e8glements\u2026 et qui nous oblige \u00e0 reprendre automatiquement le [&hellip;]<\/p>\n","protected":false},"author":1,"featured_media":0,"comment_status":"","ping_status":"","sticky":false,"template":"","format":"standard","meta":{"footnotes":""},"categories":[60],"tags":[],"class_list":["post-7809","post","type-post","status-publish","format-standard","hentry","category-non-classifiee"],"_links":{"self":[{"href":"https:\/\/judc-fr.ch\/de\/wp-json\/wp\/v2\/posts\/7809","targetHints":{"allow":["GET"]}}],"collection":[{"href":"https:\/\/judc-fr.ch\/de\/wp-json\/wp\/v2\/posts"}],"about":[{"href":"https:\/\/judc-fr.ch\/de\/wp-json\/wp\/v2\/types\/post"}],"author":[{"embeddable":true,"href":"https:\/\/judc-fr.ch\/de\/wp-json\/wp\/v2\/users\/1"}],"replies":[{"embeddable":true,"href":"https:\/\/judc-fr.ch\/de\/wp-json\/wp\/v2\/comments?post=7809"}],"version-history":[{"count":0,"href":"https:\/\/judc-fr.ch\/de\/wp-json\/wp\/v2\/posts\/7809\/revisions"}],"wp:attachment":[{"href":"https:\/\/judc-fr.ch\/de\/wp-json\/wp\/v2\/media?parent=7809"}],"wp:term":[{"taxonomy":"category","embeddable":true,"href":"https:\/\/judc-fr.ch\/de\/wp-json\/wp\/v2\/categories?post=7809"},{"taxonomy":"post_tag","embeddable":true,"href":"https:\/\/judc-fr.ch\/de\/wp-json\/wp\/v2\/tags?post=7809"}],"curies":[{"name":"wp","href":"https:\/\/api.w.org\/{rel}","templated":true}]}}