{"id":7807,"date":"2025-08-23T05:35:37","date_gmt":"2025-08-23T04:35:37","guid":{"rendered":"https:\/\/judc-fr.ch\/2025\/08\/23\/accord-cadre-quand-les-syndicats-lachent-les-travailleurs-suisses\/"},"modified":"2025-08-23T05:35:37","modified_gmt":"2025-08-23T04:35:37","slug":"accord-cadre-quand-les-syndicats-lachent-les-travailleurs-suisses","status":"publish","type":"post","link":"https:\/\/judc-fr.ch\/de\/2025\/08\/23\/accord-cadre-quand-les-syndicats-lachent-les-travailleurs-suisses\/","title":{"rendered":"Rahmenabkommen: Wenn die Gewerkschaften die Schweizer Arbeitnehmer im Stich lassen"},"content":{"rendered":"<p>Das Rahmenabkommen bzw. der EU-Beitrittsvertrag besagt, dass die Schweiz automatisch ganze Teile des EU-Rechts \u00fcbernehmen muss, auch im Bereich des Arbeitsmarktes. Das bedeutet mehr Freiz\u00fcgigkeit, mehr Lohndumping und weniger Lohnschutz und weniger Schutz f\u00fcr die Schweizer Arbeitnehmer.<\/p>\n<p>Die Gewerkschaften sollten es wissen: Wenn wir unsere Grenzen f\u00fcr ausl\u00e4ndische Arbeitskr\u00e4fte \u00f6ffnen, sind es die Schweizer L\u00f6hne, die darunter leiden. Das hat \u00fcbrigens auch der gro\u00dfe franz\u00f6sische sozialistische Denker Jean Jaur\u00e8s seinerzeit behauptet. Dieser d\u00fcrfte sich angesichts der linken Wendeh\u00e4lse \u00fcbrigens schon so manches Mal im Grab umgedreht haben.<\/p>\n<p><strong>Gewerkschaften verteidigen nicht mehr die Arbeitnehmer, sondern die europhilen Ideologie<br \/>\n<\/strong>Mit der Unterst\u00fctzung dieses Abkommens kehrt der SGB seiner Mission den R\u00fccken. Er sch\u00fctzt nicht mehr die Arbeiter, Handwerker oder Arbeitnehmer, sondern opfert ihre Zukunft auf dem Altar der Unterwerfung und des EU-Beitritts. Die Versprechungen von \"flankierenden Massnahmen\" sind nur Pflaster auf einer offenen Wunde: Br\u00fcssel schert sich nicht um die Besonderheiten der Schweiz. Was es will, ist ein bedingungsloser Zugang zu unserem Reichtum, unserer Energie und unseren Arbeitskr\u00e4ften.<\/p>\n<p><strong>Die SVP ist die einzige, die die Interessen des Schweizer Volkes vertritt<br \/>\n<\/strong>W\u00e4hrend die Gewerkschaften mit Br\u00fcssel paktieren und der Bundesrat heimlich die \u00dcbernahme von EU-Recht vorbereitet, steht die SVP nun allein da, um Stopp zu sagen. Wir lehnen die automatische Angleichung, den Verlust der Souver\u00e4nit\u00e4t und die Zerst\u00f6rung unseres Sozialmodells ab.<\/p>\n<p>Wir wollen die L\u00f6hne sch\u00fctzen und die Kaufkraft erh\u00f6hen. Wir k\u00e4mpfen f\u00fcr die nationale Pr\u00e4ferenz bei der Einstellung von Arbeitskr\u00e4ften. Wir wollen, dass das Schweizer Volk Herr im eigenen Haus bleibt - und nicht zu einem billigen und sogar unterbezahlten R\u00e4dchen in einer ausl\u00e4ndischen technokratischen Maschinerie wird.<\/p>\n<p>Nein zum Rahmenabkommen. Nein zum Verrat an den Gewerkschaften. Ja zu einer freien, unabh\u00e4ngigen und solidarischen Schweiz.<\/p>","protected":false},"excerpt":{"rendered":"<p>L\u2019accord-cadre, ou plut\u00f4t le trait\u00e9 d\u2019adh\u00e9sion \u00e0 l\u2019UE, dit que la Suisse devra reprendre automatiquement des pans entiers du droit europ\u00e9en, y compris en mati\u00e8re de march\u00e9 du travail. Cela signifie plus de libre circulation, plus de dumping salarial, et [&hellip;]<\/p>\n","protected":false},"author":1,"featured_media":0,"comment_status":"","ping_status":"","sticky":false,"template":"","format":"standard","meta":{"footnotes":""},"categories":[60],"tags":[],"class_list":["post-7807","post","type-post","status-publish","format-standard","hentry","category-non-classifiee"],"_links":{"self":[{"href":"https:\/\/judc-fr.ch\/de\/wp-json\/wp\/v2\/posts\/7807","targetHints":{"allow":["GET"]}}],"collection":[{"href":"https:\/\/judc-fr.ch\/de\/wp-json\/wp\/v2\/posts"}],"about":[{"href":"https:\/\/judc-fr.ch\/de\/wp-json\/wp\/v2\/types\/post"}],"author":[{"embeddable":true,"href":"https:\/\/judc-fr.ch\/de\/wp-json\/wp\/v2\/users\/1"}],"replies":[{"embeddable":true,"href":"https:\/\/judc-fr.ch\/de\/wp-json\/wp\/v2\/comments?post=7807"}],"version-history":[{"count":0,"href":"https:\/\/judc-fr.ch\/de\/wp-json\/wp\/v2\/posts\/7807\/revisions"}],"wp:attachment":[{"href":"https:\/\/judc-fr.ch\/de\/wp-json\/wp\/v2\/media?parent=7807"}],"wp:term":[{"taxonomy":"category","embeddable":true,"href":"https:\/\/judc-fr.ch\/de\/wp-json\/wp\/v2\/categories?post=7807"},{"taxonomy":"post_tag","embeddable":true,"href":"https:\/\/judc-fr.ch\/de\/wp-json\/wp\/v2\/tags?post=7807"}],"curies":[{"name":"wp","href":"https:\/\/api.w.org\/{rel}","templated":true}]}}