{"id":7806,"date":"2025-08-21T15:58:37","date_gmt":"2025-08-21T14:58:37","guid":{"rendered":"https:\/\/judc-fr.ch\/2025\/08\/21\/attention-lue-veut-controler-votre-sante\/"},"modified":"2025-08-21T15:58:37","modified_gmt":"2025-08-21T14:58:37","slug":"attention-lue-veut-controler-votre-sante","status":"publish","type":"post","link":"https:\/\/judc-fr.ch\/de\/2025\/08\/21\/attention-lue-veut-controler-votre-sante\/","title":{"rendered":"Achtung: Die EU will Ihre Gesundheit kontrollieren!"},"content":{"rendered":"<p><strong>EU-Gesundheitsbeamte k\u00f6nnen nicht strafrechtlich verfolgt werden<\/strong><\/p>\n<p>Wir m\u00fcssen in unser Land einreisen lassen <strong>europ\u00e4ischen Agenturen und Datensammlern,<\/strong> die dar\u00fcber hinaus alle erdenklichen Privilegien genie\u00dfen werden: <strong>Steuerbefreiung, Immunit\u00e4t vor Gericht, Befreiung von Einwanderungsbeschr\u00e4nkungen<\/strong> und noch viele weitere Vorteile. Stellen Sie sich vor, Sie w\u00fcrden von einer europ\u00e4ischen Beh\u00f6rde \u00fcberwacht und ausspioniert...<\/p>\n<p>Stellen Sie sich vor, die Kompetenzen w\u00fcrden so erweitert, dass diese EU-Agenturen auch Zwangsma\u00dfnahmen anordnen k\u00f6nnten, und zwar selbst dann, wenn Sie pers\u00f6nlich gesch\u00e4digt werden; die Agenturen und ihre Mitarbeiter w\u00fcrden straffrei bleiben. Und das ist noch nicht alles: Sie m\u00fcssen nicht einmal selbst f\u00fcr den entstandenen Schaden aufkommen! Als Opfer hingegen werden Sie die volle H\u00e4rte des Gesetzes zu sp\u00fcren bekommen. Kurz gesagt: Der Europ\u00e4ische Datenschutzbeauftragte kann alles tun, Sie k\u00f6nnen nichts tun. Wenn der EU-Kontrolleur sich in der Schweiz niederlassen w\u00fcrde, w\u00e4re er auch steuerbefreit, wie es bereits f\u00fcr Gesundheitsb\u00fcrokraten am Sitz der WHO in Genf der Fall ist. Dies f\u00fchrt zu einem Rechtssystem mit zwei Geschwindigkeiten: Auf der einen Seite wird die neue <strong>soziale Klasse der WHO<\/strong> und der EU, und auf der anderen Seite das hart arbeitende Schweizer Volk, das nur zahlen muss und keine M\u00f6glichkeit hat, sich zu \u00e4u\u00dfern.<\/p>\n<p><strong>EU kann Zwangsimpfungen auch in der Schweiz durchsetzen<\/strong><\/p>\n<p>Wenn von einer neuen Pandemie die Rede ist: Wussten Sie, dass mit dem Abschluss des neuen EU-Gesundheitsabkommens nicht mehr die vom Volk gew\u00e4hlten Vertreter \u00fcber unser Gesundheitssystem und unsere Meinungsfreiheit entscheiden, sondern <strong>der europ\u00e4ischen Technokraten<\/strong> die sich in weit entfernten, gesch\u00fctzten Verwaltungspal\u00e4sten in Br\u00fcssel niedergelassen haben? Das ist keineswegs harmlos. Es geht um <strong>Ma\u00dfnahmen<\/strong> <strong>zutiefst intrusiv<\/strong> wie z. B. die Pflicht, sich impfen zu lassen, ein Attest vorzulegen, sich zu isolieren und eine Maske zu tragen.<\/p>\n<p>Die Schweiz sollte auch Teil des Europ\u00e4ischen Zentrums f\u00fcr die Pr\u00e4vention und die Kontrolle von Krankheiten (ECDC) werden, allerdings ohne Stimmrecht. Damit k\u00f6nnte die Impfpflicht verbindlich werden und die Meinungs- und Reisefreiheit eingeschr\u00e4nkt werden, ohne dass wir ein Mitspracherecht haben. Wir haben es nicht vergessen: Bei den Einschr\u00e4nkungen im Zusammenhang mit Covid-19 wurde das ECDC von der Pr\u00e4sidentin der Europ\u00e4ischen Kommission, Ursula von der Leyen, beauftragt, im Rahmen der \"Bek\u00e4mpfung von Desinformation\" die Medien zu zensieren. W\u00fcrden Sie einer solchen Institution in der Schweiz freie Hand lassen?<\/p>\n<p><strong>Geheime Liefervertr\u00e4ge auf Kosten von Schweizer Steuerzahlern<\/strong><\/p>\n<p>Laut dem EU-Vertragspaket werden wir in dem sensiblen Bereich der Gesundheit nicht mehr das Recht haben, informiert zu werden. Der Vertragstext besagt n\u00e4mlich in eloquentem Br\u00fcsseler B\u00fcrokratenjargon, dass geheime Dokumente <strong>\" Geheimnisse \"<\/strong> dem Schweizer Volk nicht mehr zug\u00e4nglich gemacht werden k\u00f6nnen. Folglich k\u00f6nnten sowohl die Schweiz als auch die EU geheime Vertr\u00e4ge \u00fcber die Lieferung von Impfstoffen abschliessen, ohne der Bev\u00f6lkerung Rechenschaft abzulegen. Die Kompetenzen des eidgen\u00f6ssischen \u00d6ffentlichkeitsbeauftragten w\u00fcrden somit ausgeh\u00f6hlt und ausl\u00e4ndische Pharmakonzerne k\u00f6nnten ihre Impfstoffdosen in der Schweiz verkaufen <strong>an Steuerzahler<\/strong> Schweiz zu astronomischen, nicht \u00fcberpr\u00fcfbaren Preisen und ohne jegliches Haftungsrisiko, alles unter strengster Geheimhaltung und ohne jegliches unternehmerisches Risiko. Das gesundheitliche und finanzielle Risiko hingegen w\u00fcrde vollst\u00e4ndig von uns Schweizern getragen.<br \/>\n<strong><br \/>\nEU-Gesundheitsrecht wird Vorrang vor Schweizer Recht haben<\/strong><\/p>\n<p>Wenn wir Schweizer uns nicht an die Vorschriften halten, werden wir hart bestraft. Die EU kann n\u00e4mlich Sanktionen (im B\u00fcrokratenjargon: \"Ausgleichsma\u00dfnahmen\") gegen unser Land verh\u00e4ngen, wenn wir die europ\u00e4ischen Gesundheitsstandards nicht umsetzen. Der Gerichtshof der Europ\u00e4ischen Union hat bereits klargestellt, dass das EU-Gesundheitsrecht Vorrang vor dem nationalen Recht hat.<\/p>\n<p>Wir werden nicht mehr selbst entscheiden k\u00f6nnen, wir werden nichts mehr sagen k\u00f6nnen, wir werden nichts mehr wissen k\u00f6nnen, aber wir m\u00fcssen alles widerspruchslos hinnehmen. Und f\u00fcr all das m\u00fcssen wir Millionen an Br\u00fcssel zahlen, um <strong>fragw\u00fcrdige Programme zu Gender und Umerziehung<\/strong>\u00a0! Eine skandal\u00f6se Leistung zu einem skandal\u00f6sen Preis!<\/p>\n<p>Wer diese Diktate nicht will, muss sich unbedingt gegen das gesamte Paket der EU-Vertr\u00e4ge stellen.<\/p>","protected":false},"excerpt":{"rendered":"<p>Les fonctionnaires europ\u00e9ens charg\u00e9s de la sant\u00e9 ne pourront pas faire l\u2019objet de poursuites p\u00e9nales Nous devons laisser entrer dans notre pays des agences europ\u00e9ennes et des collecteurs de donn\u00e9es, qui b\u00e9n\u00e9ficieront en plus de tous les privil\u00e8ges imaginables : [&hellip;]<\/p>\n","protected":false},"author":1,"featured_media":0,"comment_status":"","ping_status":"","sticky":false,"template":"","format":"standard","meta":{"footnotes":""},"categories":[60],"tags":[],"class_list":["post-7806","post","type-post","status-publish","format-standard","hentry","category-non-classifiee"],"_links":{"self":[{"href":"https:\/\/judc-fr.ch\/de\/wp-json\/wp\/v2\/posts\/7806","targetHints":{"allow":["GET"]}}],"collection":[{"href":"https:\/\/judc-fr.ch\/de\/wp-json\/wp\/v2\/posts"}],"about":[{"href":"https:\/\/judc-fr.ch\/de\/wp-json\/wp\/v2\/types\/post"}],"author":[{"embeddable":true,"href":"https:\/\/judc-fr.ch\/de\/wp-json\/wp\/v2\/users\/1"}],"replies":[{"embeddable":true,"href":"https:\/\/judc-fr.ch\/de\/wp-json\/wp\/v2\/comments?post=7806"}],"version-history":[{"count":0,"href":"https:\/\/judc-fr.ch\/de\/wp-json\/wp\/v2\/posts\/7806\/revisions"}],"wp:attachment":[{"href":"https:\/\/judc-fr.ch\/de\/wp-json\/wp\/v2\/media?parent=7806"}],"wp:term":[{"taxonomy":"category","embeddable":true,"href":"https:\/\/judc-fr.ch\/de\/wp-json\/wp\/v2\/categories?post=7806"},{"taxonomy":"post_tag","embeddable":true,"href":"https:\/\/judc-fr.ch\/de\/wp-json\/wp\/v2\/tags?post=7806"}],"curies":[{"name":"wp","href":"https:\/\/api.w.org\/{rel}","templated":true}]}}