{"id":7805,"date":"2025-08-19T16:25:41","date_gmt":"2025-08-19T15:25:41","guid":{"rendered":"https:\/\/judc-fr.ch\/2025\/08\/19\/soulageons-sans-attendre-leconomie-afin-de-preserver-les-emplois-et-la-prosperite-de-la-suisse\/"},"modified":"2025-08-19T16:25:41","modified_gmt":"2025-08-19T15:25:41","slug":"soulageons-sans-attendre-leconomie-afin-de-preserver-les-emplois-et-la-prosperite-de-la-suisse","status":"publish","type":"post","link":"https:\/\/judc-fr.ch\/de\/2025\/08\/19\/soulageons-sans-attendre-leconomie-afin-de-preserver-les-emplois-et-la-prosperite-de-la-suisse\/","title":{"rendered":"Lassen Sie uns die Wirtschaft unverz\u00fcglich entlasten, um Arbeitspl\u00e4tze und den Wohlstand der Schweiz zu erhalten!"},"content":{"rendered":"<p>Die Gr\u00fcnde f\u00fcr den Erfolg der Schweiz sind <strong>gute Rahmenbedingungen f\u00fcr die Wirtschaft<\/strong>Rechtssicherheit, eine verantwortungsvolle Staatsordnung und eine funktionierende Sozialpartnerschaft. Vorteile, die sich die Schweiz dank ihrer Unabh\u00e4ngigkeit erarbeitet hat. Um den Werkplatz Schweiz und damit Arbeitspl\u00e4tze und Wohlstand zu erhalten, hat die SVP-Bundeshausfraktion verabschiedet <strong>einstimmig angenommen,<\/strong> am 13. August ein <a href=\"https:\/\/www.udc.ch\/wp-content\/uploads\/sites\/2\/250819_MM-Wirtschaftsentlastungs-und-Deregulierungspaket-Forderungen-FRANZ.pdf\" target=\"_blank\" rel=\"noopener\" data-cke-saved-href=\"https:\/\/www.udc.ch\/wp-content\/uploads\/sites\/2\/250819_MM-Wirtschaftsentlastungs-und-Deregulierungspaket-Forderungen-FRANZ.pdf\"><strong>Forderungskatalog zur Verschlankung und Deregulierung<\/strong><\/a> den Arbeitsmarkt.<\/p>\n<p>Dieser Katalog wurde vor dem Hintergrund der von den USA verh\u00e4ngten Z\u00f6lle von 39% auf Importe aus der Schweiz genehmigt. Aber unsere <strong>Erfolgsmodell<\/strong> ist au\u00dferdem <strong>unter starkem Druck auf<\/strong> der Plan der <strong>Politik<\/strong> innen: Seit Jahren ist die linke Politik <strong>schw\u00e4cht den Industriestandort Schweiz <\/strong>durch immer mehr Regulierungen, den exzessiven Ausbau des Sozialstaats und die Verteuerung der Energie aufgrund einer v\u00f6llig fehlgeleiteten ideologischen Energiepolitik. Weitere extreme und f\u00fcr den Wirtschaftsstandort Schweiz sch\u00e4dliche Forderungen sind in der Pipeline, wie die neue Konzernverantwortungsinitiative oder die Volksinitiative der FDP f\u00fcr eine Individualbesteuerung. Hinzu kommt, dass die Mitte-Links-Mehrheit im Bundesrat und im Parlament sowie die selbsternannte Wirtschaftselite um Economiesuisse die Schweiz an die EU anbinden wollen.<strong>EU in der Krise, v\u00f6llig \u00fcberschuldet und \u00fcberreguliert<\/strong>durch einen Beitrittsvertrag. Dieser EU-Beitrittsvertrag w\u00fcrde die ohnehin schon \u00fcberproportionale Einwanderung in die Schweiz noch weiter erleichtern.<\/p>\n<p>Die SVP fordert seit Jahren einen <strong>Paket zur wirtschaftlichen Entlastung und Deregulierung.<\/strong> Im Jahr 2019 hat die SVP-Fraktion beispielsweise im National- und St\u00e4nderat die Motionen <a href=\"https:\/\/www.parlament.ch\/fr\/ratsbetrieb\/suche-curia-vista\/geschaeft?AffairId=20193033\" target=\"_blank\" rel=\"noopener\" data-cke-saved-href=\"https:\/\/www.parlament.ch\/fr\/ratsbetrieb\/suche-curia-vista\/geschaeft?AffairId=20193033\">19.3033<\/a> und <a href=\"https:\/\/www.parlament.ch\/fr\/ratsbetrieb\/suche-curia-vista\/geschaeft?AffairId=20193043\" target=\"_blank\" rel=\"noopener\" data-cke-saved-href=\"https:\/\/www.parlament.ch\/fr\/ratsbetrieb\/suche-curia-vista\/geschaeft?AffairId=20193043\">19.3043<\/a>mit dem gleichen Wortlaut: \"Die Dynamik des Wirtschaftsstandorts Schweiz steigern\". Der Bundesrat will diese Motionen mit Verweis auf die 12 Massnahmen, die er f\u00fcr 2022 vorgeschlagen hat, als erf\u00fcllt abschreiben. Aus Sicht der SVP sind diese Vorschl\u00e4ge jedoch unzureichend und sogar sch\u00e4dlich, da sie Projekte wie die folgenden umfassen <strong>die Individualbesteuerung, die zu noch mehr B\u00fcrokratie f\u00fchrt, oder das CO\u2082-Gesetz, das Energie weiter verknappt und verteuert.<\/strong><\/p>\n<p class=\"p2\"><strong><a href=\"https:\/\/www.udc.ch\/wp-content\/uploads\/sites\/2\/250819_MM-Wirtschaftsentlastungs-und-Deregulierungspaket-Forderungen-FRANZ.pdf\" target=\"_blank\" rel=\"noopener\">Paket zur wirtschaftlichen Entlastung und Deregulierung (PDF)<\/a><\/strong><\/p>","protected":false},"excerpt":{"rendered":"<p>Les raisons du succ\u00e8s de la Suisse sont de bonnes conditions-cadres pour l\u2019\u00e9conomie, la s\u00e9curit\u00e9 juridique, un ordre \u00e9tatique responsable et un partenariat social qui fonctionne. Des avantages que la Suisse a acquis gr\u00e2ce \u00e0 son ind\u00e9pendance. Afin de pr\u00e9server [&hellip;]<\/p>\n","protected":false},"author":1,"featured_media":0,"comment_status":"","ping_status":"","sticky":false,"template":"","format":"standard","meta":{"footnotes":""},"categories":[60],"tags":[],"class_list":["post-7805","post","type-post","status-publish","format-standard","hentry","category-non-classifiee"],"_links":{"self":[{"href":"https:\/\/judc-fr.ch\/de\/wp-json\/wp\/v2\/posts\/7805","targetHints":{"allow":["GET"]}}],"collection":[{"href":"https:\/\/judc-fr.ch\/de\/wp-json\/wp\/v2\/posts"}],"about":[{"href":"https:\/\/judc-fr.ch\/de\/wp-json\/wp\/v2\/types\/post"}],"author":[{"embeddable":true,"href":"https:\/\/judc-fr.ch\/de\/wp-json\/wp\/v2\/users\/1"}],"replies":[{"embeddable":true,"href":"https:\/\/judc-fr.ch\/de\/wp-json\/wp\/v2\/comments?post=7805"}],"version-history":[{"count":0,"href":"https:\/\/judc-fr.ch\/de\/wp-json\/wp\/v2\/posts\/7805\/revisions"}],"wp:attachment":[{"href":"https:\/\/judc-fr.ch\/de\/wp-json\/wp\/v2\/media?parent=7805"}],"wp:term":[{"taxonomy":"category","embeddable":true,"href":"https:\/\/judc-fr.ch\/de\/wp-json\/wp\/v2\/categories?post=7805"},{"taxonomy":"post_tag","embeddable":true,"href":"https:\/\/judc-fr.ch\/de\/wp-json\/wp\/v2\/tags?post=7805"}],"curies":[{"name":"wp","href":"https:\/\/api.w.org\/{rel}","templated":true}]}}