{"id":7803,"date":"2025-08-16T17:14:12","date_gmt":"2025-08-16T16:14:12","guid":{"rendered":"https:\/\/judc-fr.ch\/2025\/08\/16\/la-resiliation-de-la-libre-circulation-des-personnes-serait-tout-a-fait-supportable-pour-la-suisse\/"},"modified":"2025-08-16T17:14:12","modified_gmt":"2025-08-16T16:14:12","slug":"la-resiliation-de-la-libre-circulation-des-personnes-serait-tout-a-fait-supportable-pour-la-suisse","status":"publish","type":"post","link":"https:\/\/judc-fr.ch\/de\/2025\/08\/16\/la-resiliation-de-la-libre-circulation-des-personnes-serait-tout-a-fait-supportable-pour-la-suisse\/","title":{"rendered":"\"Die K\u00fcndigung der Personenfreiz\u00fcgigkeit w\u00e4re f\u00fcr die Schweiz durchaus verkraftbar\"."},"content":{"rendered":"<p>Seit der Einf\u00fchrung der Personenfreiz\u00fcgigkeit im Jahr 2002 bis zum Jahr 2024, <strong>1'037'000<\/strong> zus\u00e4tzliche Zuwanderer aus der EU in die Schweiz gekommen. Dies entspricht <strong>5x die Bev\u00f6lkerung von Genf!<\/strong> Hinzu kommt die organisierte kriminelle Einwanderung unter dem Deckmantel des Asyls. Zwischen 2000 und 2024 <strong>505'598 Asylantr\u00e4ge <\/strong>wurden in der Schweiz eingereicht; die meisten stammten von muslimischen M\u00e4nnern aus dem Maghreb, dem Nahen Osten und Afghanistan, unter denen sich auch radikale Islamisten befanden.<\/p>\n<p>Wie die Kriminalstatistik deutlich zeigt, ist die<strong>Die Masseneinwanderung ist eine Bedrohung f\u00fcr unsere Sicherheit.<\/strong> \"In den letzten 20 Jahren ist die Zahl der Verurteilungen wegen schwerer Vergewaltigung, vors\u00e4tzlicher T\u00f6tung und bewaffnetem Raub\u00fcberfall bei Jugendlichen stark angestiegen\", sagte Marcel Dettling, SVP-Pr\u00e4sident und Nationalrat (SZ), vor den Delegierten in Schaffhausen (SH). \"Die <strong>die H\u00e4lfte der Verurteilten sind Ausl\u00e4nder.<\/strong> Unter den T\u00e4tern mit Schweizer Pass stellt sich auch die Frage, wie viele von ihnen einen Migrationshintergrund haben.\"<\/p>\n<p>Laut Marcel Dettling muss man nicht nur gegen die<strong>Masseneinwanderung<\/strong>Wir wollen keine Zust\u00e4nde wie in Deutschland, wo Sch\u00fcler in Berlin einen Lehrer bel\u00e4stigt haben, weil er homosexuell war. Sie sagten ihm: \"Hier herrscht der Islam!\".<\/p>\n<p><strong>Personenfreiz\u00fcgigkeit bringt nicht mehr Wohlstand<\/strong><\/p>\n<p>Laut Gastredner Reiner Eichenberger, Professor f\u00fcr Wirtschaftswissenschaften an der Universit\u00e4t Freiburg, ist die<strong>Einwanderung<\/strong> aufgrund der Personenfreiz\u00fcgigkeit ist auch <strong>\" eine tickende Zeitbombe f\u00fcr die Schweiz \".<\/strong>. Eichenberger wischte die Vorstellung beiseite, dass die Einwanderung der Schweizer Bev\u00f6lkerung Wohlstand bringen w\u00fcrde: \"Die Schweiz hat das h\u00f6chste Bev\u00f6lkerungswachstum in Europa, aber ein geringes Wachstum des Pro-Kopf-Einkommens.\" Es sei auch falsch zu behaupten, dass <strong>Zuwanderung ist notwendig, um den Mangel an qualifizierten Arbeitskr\u00e4ften zu verringern.<\/strong> \"Es ist sogar genau das Gegenteil der Fall: Die Zuwanderung versch\u00e4rft den Mangel an qualifizierten Arbeitskr\u00e4ften.\" Laut Reiner Eichenberger k\u00f6nnte die Schweiz das Ende der Personenfreiz\u00fcgigkeit und damit die Aufhebung der bilateralen Abkommen I leicht verkraften, wie eine vom Bund in Auftrag gegebene Studie zeigt.<\/p>\n<p><strong>Die L\u00f6sungen der SVP<\/strong><\/p>\n<p>Als ob die aktuellen Herausforderungen nicht schon gro\u00df genug w\u00e4ren, wollen der Bundesrat und die anderen Parteien, <strong>\u00fcber den EU-Beitrittsvertrag die Einwanderung noch weiter erleichtern.<\/strong> EU-B\u00fcrger k\u00f6nnten n\u00e4mlich schon nach 5 Jahren, statt wie bisher nach 10 Jahren, das Recht auf Daueraufenthalt in der Schweiz erhalten, selbst wenn sie arbeitslos sind oder von Sozialhilfe leben.<\/p>\n<p>Laut SP-Bundesrat Beat Jans w\u00fcrde eine Schutzklausel es der Schweiz erm\u00f6glichen, eine \"Bremse\" gegen die Masseneinwanderung zu aktivieren. \"Wir wissen bereits heute, dass diese Schutzklausel nicht funktioniert. <strong>ist v\u00f6llig unwirksam, es ist nichts anderes als ein Placebo!\".<\/strong>Der Nationalrat Mike Egger (SG) sagte: \"Wir m\u00fcssen uns fragen, ob wir nicht eine andere L\u00f6sung finden k\u00f6nnen.<\/p>\n<p>Die SVP ist klar: Die unkontrollierte Einwanderung und das Chaos im Asylbereich m\u00fcssen gestoppt werden! \"Mit der Nachhaltigkeits- und der Grenzschutzinitiative pr\u00e4sentieren wir konkrete L\u00f6sungen, um die Schweiz zu sch\u00fctzen und die Lebensqualit\u00e4t, Sicherheit und Freiheit f\u00fcr alle zu erhalten\", sagte Egger. <strong>\"Wir sind die einzige Partei, die die Probleme beim Namen nennt und echte L\u00f6sungen anbietet\".<\/strong><\/p>\n<p><strong>Die Delegierten sagen klar NEIN zur Initiative der Jungsozialisten und zur eID<\/strong><\/p>\n<p>F\u00fcr die <strong>abstimmungen am 28. september<\/strong> \u00fcber die <strong>Gesetz \u00fcber die elektronische Identit\u00e4t (e-ID)<\/strong>mit 241 zu 52 Stimmen bei 5 Enthaltungen, die Delegierten <strong>empfehlen NEIN<\/strong>. In Bezug auf das Projekt, das darauf abzielt <strong>den Eigenmietwert abschaffen<\/strong> (Bundesbeschluss \u00fcber die kantonale Besteuerung von Zweitwohnungen), hatten die Delegierten der SVP Schweiz bereits am 29. M\u00e4rz beschlossen <strong>das JA empfehlen.<\/strong><\/p>\n<p>Die Delegierten beschlossen au\u00dferdem in <strong>Einstimmigkeit<\/strong> zu empfehlen, den <strong>NEIN zur Enteignungsinitiative der Jungsozialisten <\/strong>(\"Zukunftsinitiative\"). Die Abstimmung \u00fcber diesen Gegenstand findet am 30. November statt.<\/p>\n<p>341 Delegierte und 116 G\u00e4ste nahmen heute an der Versammlung in Schaffhausen teil.<\/p>\n<div class=\"gallery galleryid-129385 gallery-columns-2 gallery-size-thumbnail\">\n<dl class=\"gallery-item\">\n<dt class=\"gallery-icon landscape\">\n\t\t\t\t<a href=\"https:\/\/www.udc.ch\/wp-content\/uploads\/sites\/2\/IMG_1003-01.jpg\"><img loading=\"lazy\" decoding=\"async\" width=\"150\" height=\"150\" src=\"https:\/\/www.udc.ch\/wp-content\/uploads\/sites\/2\/IMG_1003-01-150x150.jpg\" class=\"attachment-thumbnail size-thumbnail\" alt=\"\" \/><\/a>\n\t\t\t<\/dt>\n<\/dl>\n<dl class=\"gallery-item\">\n<dt class=\"gallery-icon landscape\">\n\t\t\t\t<a href=\"https:\/\/www.udc.ch\/wp-content\/uploads\/sites\/2\/IMG_0999-01.jpg\"><img loading=\"lazy\" decoding=\"async\" width=\"150\" height=\"150\" src=\"https:\/\/www.udc.ch\/wp-content\/uploads\/sites\/2\/IMG_0999-01-150x150.jpg\" class=\"attachment-thumbnail size-thumbnail\" alt=\"\" \/><\/a>\n\t\t\t<\/dt>\n<\/dl>\n<p><\/p>\n<dl class=\"gallery-item\">\n<dt class=\"gallery-icon landscape\">\n\t\t\t\t<a href=\"https:\/\/www.udc.ch\/wp-content\/uploads\/sites\/2\/image00006.jpg\"><img loading=\"lazy\" decoding=\"async\" width=\"150\" height=\"150\" src=\"https:\/\/www.udc.ch\/wp-content\/uploads\/sites\/2\/image00006-150x150.jpg\" class=\"attachment-thumbnail size-thumbnail\" alt=\"\" \/><\/a>\n\t\t\t<\/dt>\n<\/dl>\n<dl class=\"gallery-item\">\n<dt class=\"gallery-icon landscape\">\n\t\t\t\t<a href=\"https:\/\/www.udc.ch\/wp-content\/uploads\/sites\/2\/image00022.jpg\"><img loading=\"lazy\" decoding=\"async\" width=\"150\" height=\"150\" src=\"https:\/\/www.udc.ch\/wp-content\/uploads\/sites\/2\/image00022-150x150.jpg\" class=\"attachment-thumbnail size-thumbnail\" alt=\"\" \/><\/a>\n\t\t\t<\/dt>\n<\/dl>\n<p>\n\t\t<\/p><\/div>","protected":false},"excerpt":{"rendered":"<p>Depuis l\u2019introduction de la libre circulation des personnes en 2002 jusqu\u2019en 2024, 1\u2019037\u2019000 immigrants suppl\u00e9mentaires provenant de l\u2019UE sont arriv\u00e9s en Suisse. Cela repr\u00e9sente 5x la population de Gen\u00e8ve ! \u00c0 cela s\u2019ajoute l\u2019immigration criminelle organis\u00e9e sous le couvert de [&hellip;]<\/p>\n","protected":false},"author":1,"featured_media":0,"comment_status":"","ping_status":"","sticky":false,"template":"","format":"standard","meta":{"footnotes":""},"categories":[60],"tags":[],"class_list":["post-7803","post","type-post","status-publish","format-standard","hentry","category-non-classifiee"],"_links":{"self":[{"href":"https:\/\/judc-fr.ch\/de\/wp-json\/wp\/v2\/posts\/7803","targetHints":{"allow":["GET"]}}],"collection":[{"href":"https:\/\/judc-fr.ch\/de\/wp-json\/wp\/v2\/posts"}],"about":[{"href":"https:\/\/judc-fr.ch\/de\/wp-json\/wp\/v2\/types\/post"}],"author":[{"embeddable":true,"href":"https:\/\/judc-fr.ch\/de\/wp-json\/wp\/v2\/users\/1"}],"replies":[{"embeddable":true,"href":"https:\/\/judc-fr.ch\/de\/wp-json\/wp\/v2\/comments?post=7803"}],"version-history":[{"count":0,"href":"https:\/\/judc-fr.ch\/de\/wp-json\/wp\/v2\/posts\/7803\/revisions"}],"wp:attachment":[{"href":"https:\/\/judc-fr.ch\/de\/wp-json\/wp\/v2\/media?parent=7803"}],"wp:term":[{"taxonomy":"category","embeddable":true,"href":"https:\/\/judc-fr.ch\/de\/wp-json\/wp\/v2\/categories?post=7803"},{"taxonomy":"post_tag","embeddable":true,"href":"https:\/\/judc-fr.ch\/de\/wp-json\/wp\/v2\/tags?post=7803"}],"curies":[{"name":"wp","href":"https:\/\/api.w.org\/{rel}","templated":true}]}}