{"id":7801,"date":"2025-08-13T16:50:09","date_gmt":"2025-08-13T15:50:09","guid":{"rendered":"https:\/\/judc-fr.ch\/2025\/08\/13\/reunion-du-groupe-parlementaire-udc-sur-le-paquet-de-traites-avec-lue-premier-bilan\/"},"modified":"2025-08-13T16:50:09","modified_gmt":"2025-08-13T15:50:09","slug":"reunion-du-groupe-parlementaire-udc-sur-le-paquet-de-traites-avec-lue-premier-bilan","status":"publish","type":"post","link":"https:\/\/judc-fr.ch\/de\/2025\/08\/13\/reunion-du-groupe-parlementaire-udc-sur-le-paquet-de-traites-avec-lue-premier-bilan\/","title":{"rendered":"Treffen der SVP-Parlamentsfraktion zum Vertragspaket mit der EU - erste Bilanz"},"content":{"rendered":"<p>Am 13. Juni 2025 er\u00f6ffnete der Bundesrat die Vernehmlassung zum ale Vertrag \u00fcber den Beitritt zur EU. Allein die Vernehmlassungsunterlagen umfassen <strong>2'228 Seiten<\/strong>. Wenn man alle Verweise auf zus\u00e4tzliche europ\u00e4ische Richtlinien, Gesetze und Verordnungen hinzurechnet, die die Schweiz \u00fcbernehmen m\u00fcsste, sind dies <strong>mehr als 20.000 Seiten<\/strong> von Rechtstexten. Er ist <strong>unverantwortlich<\/strong> dass die selbsternannte Wirtschaftselite, die sich um Economiesuisse gruppiert, nur 30 Tage nach Beginn der Konsultation erkl\u00e4rt hat, dass sie das Abkommen zur Unterwerfung unter die EU grunds\u00e4tzlich bef\u00fcrwortet. Eine seri\u00f6se Analyse der Dokumente ist in einer so kurzen Zeit unm\u00f6glich. Es ist offensichtlich, dass die sogenannte Wirtschaftselite bereit ist, die Souver\u00e4nit\u00e4t und die Volksrechte der Schweiz an die EU zu verscherbeln, um ihre eigenen kurzfristigen Profite zu maximieren.<\/p>\n<p>W\u00e4hrend sich die Wirtschaftsverb\u00e4nde in die Sommerferien verabschiedeten, machte sich die parlamentarische Gruppe der SVP an die Arbeit und pr\u00fcfte <strong>gr\u00fcndlich<\/strong> die verschiedenen Bereiche des EU-Beitrittsvertrags und seine <strong>konkrete Folgen<\/strong> f\u00fcr die Schweizer Bev\u00f6lkerung in den Bereichen<strong>Elektrizit\u00e4t, Gesundheit, Einwanderung, Landwirtschaft, Lebensmittelrecht, Landverkehr sowie die Auswirkungen auf Kantone und Gemeinden<\/strong> und nat\u00fcrlich die Folgen f\u00fcr unsere Selbstbestimmung und unsere direkte Demokratie.<\/p>\n<p><strong>Die ersten Ergebnisse dieser Pr\u00fcfung sind katastrophal!<\/strong> Der EU-Beitrittsvertrag hat in all diesen Bereichen negative Folgen f\u00fcr unser Land, wie die folgenden Beispiele zeigen:<\/p>\n<ul>\n<li>L'<strong>Einwanderung wird weiter gef\u00f6rdert<\/strong> : Nach nur f\u00fcnf Jahren erhalten EU-B\u00fcrger ein dauerhaftes Aufenthaltsrecht in der Schweiz, auch wenn sie von Sozialhilfe abh\u00e4ngig und arbeitslos sind. Die <strong>Familienzusammenf\u00fchrung<\/strong> wird erleichtert: Ein EU-B\u00fcrger kann zehn weitere Personen in die Schweiz holen, um sich dort dauerhaft aufzuhalten.<\/li>\n<li>\u00dcber das Lebensmittelrecht<strong>Die EU entscheidet, was die Schweizer Bev\u00f6lkerung essen und trinken darf.<\/strong>. Dar\u00fcber hinaus m\u00fcssen selbst diejenigen, die Lebensmittel und Getr\u00e4nke ausschlie\u00dflich f\u00fcr den Schweizer Markt herstellen, die EU-Vorschriften einhalten.<\/li>\n<li>W\u00e4hrend dieses Abkommen weitreichende Folgen f\u00fcr die Schweiz haben und unser gesamtes System umkrempeln wird, gibt es keine <strong>keine Sch\u00e4tzung der tats\u00e4chlichen Kosten<\/strong> die er verursachen wird! Eines ist klar: Es geht nicht \"nur\" um die j\u00e4hrlichen Beitr\u00e4ge an die EU, die sich auf rund 1,4 Milliarden Franken belaufen, sondern auch um die Hunderte von Millionen an indirekten Kosten, die auf uns zukommen, denn mit diesem Vertrag m\u00fcssen wir die monstr\u00f6se EU-B\u00fcrokratie \u00fcbernehmen und Tausende von Seiten an EU-Gesetzen, Richtlinien und Verordnungen umsetzen. Die EU verabschiedet jedes Jahr 150'000 Seiten an neuen Vorschriften. <strong>Diese indirekten Kosten k\u00f6nnten sich auf mehrere Milliarden zus\u00e4tzliche Franken pro Jahr belaufen!<\/strong><\/li>\n<\/ul>\n<p>Hinzu kommen die verschiedenen Versprechungen des Bundesrates, die nichts als Augenwischerei sind. Zum Beispiel jenes, dass das neue Abkommen mit der EU keine Guillotine-Klausel mehr enthalten w\u00fcrde, oder jenes, dass die Schweiz dank der Schutzklausel die Zuwanderung autonom steuern k\u00f6nne. <span lang=\"fr-ch\">Die SVP wird die wichtigsten negativen Punkte pr\u00fcfen<\/span>\u00a0<span lang=\"fr-ch\">des EU-Beitrittsvertrags bei der Sitzung seines Komitees am Freitag.<\/span><\/p>","protected":false},"excerpt":{"rendered":"<p>Le 13 juin 2025, le Conseil f\u00e9d\u00e9ral a ouvert la consultation sur l\u2019ale trait\u00e9 d\u2019adh\u00e9sion \u00e0 l\u2019UE. Les documents de consultation comptent \u00e0 eux seuls 2\u2019228 pages. Si l\u2019on ajoute toutes les r\u00e9f\u00e9rences \u00e0 des directives, lois et r\u00e8glements europ\u00e9ens [&hellip;]<\/p>\n","protected":false},"author":1,"featured_media":0,"comment_status":"","ping_status":"","sticky":false,"template":"","format":"standard","meta":{"footnotes":""},"categories":[60],"tags":[],"class_list":["post-7801","post","type-post","status-publish","format-standard","hentry","category-non-classifiee"],"_links":{"self":[{"href":"https:\/\/judc-fr.ch\/de\/wp-json\/wp\/v2\/posts\/7801","targetHints":{"allow":["GET"]}}],"collection":[{"href":"https:\/\/judc-fr.ch\/de\/wp-json\/wp\/v2\/posts"}],"about":[{"href":"https:\/\/judc-fr.ch\/de\/wp-json\/wp\/v2\/types\/post"}],"author":[{"embeddable":true,"href":"https:\/\/judc-fr.ch\/de\/wp-json\/wp\/v2\/users\/1"}],"replies":[{"embeddable":true,"href":"https:\/\/judc-fr.ch\/de\/wp-json\/wp\/v2\/comments?post=7801"}],"version-history":[{"count":0,"href":"https:\/\/judc-fr.ch\/de\/wp-json\/wp\/v2\/posts\/7801\/revisions"}],"wp:attachment":[{"href":"https:\/\/judc-fr.ch\/de\/wp-json\/wp\/v2\/media?parent=7801"}],"wp:term":[{"taxonomy":"category","embeddable":true,"href":"https:\/\/judc-fr.ch\/de\/wp-json\/wp\/v2\/categories?post=7801"},{"taxonomy":"post_tag","embeddable":true,"href":"https:\/\/judc-fr.ch\/de\/wp-json\/wp\/v2\/tags?post=7801"}],"curies":[{"name":"wp","href":"https:\/\/api.w.org\/{rel}","templated":true}]}}