{"id":7797,"date":"2025-08-07T14:51:55","date_gmt":"2025-08-07T13:51:55","guid":{"rendered":"https:\/\/judc-fr.ch\/2025\/08\/07\/droits-de-douane-americains-cest-maintenant-quil-faut-soulager-leconomie\/"},"modified":"2025-08-07T14:51:55","modified_gmt":"2025-08-07T13:51:55","slug":"droits-de-douane-americains-cest-maintenant-quil-faut-soulager-leconomie","status":"publish","type":"post","link":"https:\/\/judc-fr.ch\/de\/2025\/08\/07\/droits-de-douane-americains-cest-maintenant-quil-faut-soulager-leconomie\/","title":{"rendered":"US-Z\u00f6lle: Die Wirtschaft muss jetzt entlastet werden!"},"content":{"rendered":"<p>Staaten haben keine Freunde, sondern nur Interessen. Offensichtlich sind der Bundesrat und seine Diplomaten nicht in der Lage, die Interessen der Schweiz zu vertreten. Die katastrophalen Ergebnisse der Verhandlungen \u00fcber den EU-Beitrittsvertrag, die Beschaffung der F-35-Flugzeuge und jetzt \u00fcber die US-Z\u00f6lle sind der Beweis daf\u00fcr. Bei den Spitzenz\u00f6llen befindet sich die Schweiz auf einer Stufe mit L\u00e4ndern wie Syrien, Irak und Myanmar.<\/p>\n<p>Dass die US-Z\u00f6lle f\u00fcr die Schweiz so hoch sind, ist auch als Folge der Haltung zu sehen <strong>unverantwortlich und arrogant<\/strong> von Mitte-Links, zumal Verteidigungsminister Martin Pfister mitten in den Verhandlungen mit den USA gefordert hatte, nur maximal 10% R\u00fcstungsg\u00fcter in den USA zu kaufen. Dabei geht es um milliardenschwere Auftr\u00e4ge in einer Branche, die f\u00fcr die USA von zentraler Bedeutung ist. Dar\u00fcber hinaus d\u00fcrfte auch die Forderung von Au\u00dfenminister Ignazio Cassis nach einer Zwei-Staaten-L\u00f6sung im israelisch-pal\u00e4stinensischen Konflikt geschadet haben.<\/p>\n<p><strong>Die SVP fordert den Bundesrat auf, unverz\u00fcglich Ma\u00dfnahmen zu ergreifen, um die Wirtschaft zu entlasten :\u00a0<\/strong><\/p>\n<ul>\n<li>Aufhebung des Beschlusses des Bundesrates, nur maximal 10 % R\u00fcstungsg\u00fcter in den USA zu kaufen ;<\/li>\n<li>Aussetzung der OECD-Mindeststeuer ;<\/li>\n<li>Senkung der Energiepreise durch die inl\u00e4ndische Produktion von erschwinglichem und zuverl\u00e4ssigem Strom ;<\/li>\n<li>keine einseitige Erh\u00f6hung der Mehrwertsteuer und der Lohnabgaben ohne ein umfassendes Konzept zur Sanierung der AHV ;<\/li>\n<li>keine zus\u00e4tzliche Belastung durch die CO2-Verordnung;<\/li>\n<li>keine Verl\u00e4ngerung der H\u00f6chstdauer der Entsch\u00e4digung bei Kurzarbeit auf 24 Monate. Daf\u00fcr gibt es aufgrund des derzeitigen Mangels an qualifizierten Arbeitskr\u00e4ften keinen Grund ;<\/li>\n<li>kein weiterer Ausbau des Sozialstaats.<\/li>\n<\/ul>\n<p>Die Verhandlungen mit den USA m\u00fcssen fortgesetzt werden. Au\u00dferdem muss die <strong>ein Weg, den Wirtschaftsminister Guy Parmelin erfolgreich beschritten hat, <\/strong>die darin besteht, zu schlie\u00dfen <strong>von Freihandelsabkommen <\/strong>mit so vielen L\u00e4ndern wie m\u00f6glich zusammenarbeiten. Das st\u00e4rkt unsere Wirtschaft und macht unser Land weniger erpressbar. Ein Anschluss an die erpresserische EU und damit die \u00dcbernahme der monstr\u00f6sen EU-B\u00fcrokratie und aller EU-Vorschriften w\u00e4re hingegen <strong>das D\u00fcmmste, was die Schweiz tun k\u00f6nnte.<\/strong> Mit dem EU-Beitrittsvertrag wird unser <strong>Wirtschaft w\u00fcrde leiden<\/strong> eine <strong>Zusatzbelastung<\/strong> und w\u00e4re auf internationaler Ebene weniger wettbewerbsf\u00e4hig.<br \/>\n.<\/p>","protected":false},"excerpt":{"rendered":"<p>Les Etats n\u2019ont pas d\u2019amis, mais seulement des int\u00e9r\u00eats. De toute \u00e9vidence, le Conseil f\u00e9d\u00e9ral et ses diplomates ne sont pas en mesure de d\u00e9fendre les int\u00e9r\u00eats de la Suisse. Les r\u00e9sultats catastrophiques des n\u00e9gociations sur le trait\u00e9 d\u2019adh\u00e9sion \u00e0 [&hellip;]<\/p>\n","protected":false},"author":1,"featured_media":0,"comment_status":"","ping_status":"","sticky":false,"template":"","format":"standard","meta":{"footnotes":""},"categories":[60],"tags":[],"class_list":["post-7797","post","type-post","status-publish","format-standard","hentry","category-non-classifiee"],"_links":{"self":[{"href":"https:\/\/judc-fr.ch\/de\/wp-json\/wp\/v2\/posts\/7797","targetHints":{"allow":["GET"]}}],"collection":[{"href":"https:\/\/judc-fr.ch\/de\/wp-json\/wp\/v2\/posts"}],"about":[{"href":"https:\/\/judc-fr.ch\/de\/wp-json\/wp\/v2\/types\/post"}],"author":[{"embeddable":true,"href":"https:\/\/judc-fr.ch\/de\/wp-json\/wp\/v2\/users\/1"}],"replies":[{"embeddable":true,"href":"https:\/\/judc-fr.ch\/de\/wp-json\/wp\/v2\/comments?post=7797"}],"version-history":[{"count":0,"href":"https:\/\/judc-fr.ch\/de\/wp-json\/wp\/v2\/posts\/7797\/revisions"}],"wp:attachment":[{"href":"https:\/\/judc-fr.ch\/de\/wp-json\/wp\/v2\/media?parent=7797"}],"wp:term":[{"taxonomy":"category","embeddable":true,"href":"https:\/\/judc-fr.ch\/de\/wp-json\/wp\/v2\/categories?post=7797"},{"taxonomy":"post_tag","embeddable":true,"href":"https:\/\/judc-fr.ch\/de\/wp-json\/wp\/v2\/tags?post=7797"}],"curies":[{"name":"wp","href":"https:\/\/api.w.org\/{rel}","templated":true}]}}