{"id":7796,"date":"2025-08-06T12:18:02","date_gmt":"2025-08-06T11:18:02","guid":{"rendered":"https:\/\/judc-fr.ch\/2025\/08\/06\/pour-une-suisse-sure-nous-avons-besoin-dune-armee-fonctionnelle-equipee-et-moderne\/"},"modified":"2025-08-06T12:18:02","modified_gmt":"2025-08-06T11:18:02","slug":"pour-une-suisse-sure-nous-avons-besoin-dune-armee-fonctionnelle-equipee-et-moderne","status":"publish","type":"post","link":"https:\/\/judc-fr.ch\/de\/2025\/08\/06\/pour-une-suisse-sure-nous-avons-besoin-dune-armee-fonctionnelle-equipee-et-moderne\/","title":{"rendered":"F\u00fcr eine sichere Schweiz brauchen wir eine funktionierende, ausger\u00fcstete und moderne Armee"},"content":{"rendered":"<p class=\"p1\">Die Nationalr\u00e4te Michael G\u00f6tte (SG), Jean-Luc Addor (VS), Sandra Sollberger (BL) und St\u00e4nderat Werner Salzmann (BE), SVP-Verantwortliche f\u00fcr Sicherheits- und Finanzpolitik, stellten an der heutigen Pressekonferenz das neue <a href=\"https:\/\/www.udc.ch\/wp-content\/uploads\/sites\/2\/250806_Positionspapier-final-f.pdf\" target=\"_blank\" rel=\"noopener\">Hintergrundpapier der SVP \" <b>Bewaffnete Neutralit\u00e4t macht die Schweiz frei und sicher <\/b>\"<\/a>.<\/p>\n<p class=\"p1\"><a href=\"https:\/\/www.udc.ch\/actualites\/publications\/exposes\/les-erreurs-du-passe-doivent-etre-corrigees-notre-armee-doit-a-nouveau-etre-en-mesure-de-se-battre\/\" target=\"_blank\" rel=\"noopener\"><b>Michael G\u00f6tte, Nationalrat und Mitglied der Sicherheitspolitischen Kommission des Nationalrates (SiK-N), T\u00fcbach (SG) :<\/b><\/a><\/p>\n<p class=\"p1\">\"Die von Mitte-Links gewollte Aushungerung der Armee hat dazu gef\u00fchrt, dass sie nicht mehr in der Lage ist, ihre Aufgaben zu erf\u00fcllen. <b>verfassungsrechtlicher Hauptauftrag<\/b>die Verteidigung der Schweiz. Laut Aussagen des Armeechefs w\u00e4re die Durchhaltef\u00e4higkeit im Ernstfall auf wenige Wochen begrenzt. Angesichts der geopolitischen Instabilit\u00e4t muss sofort gehandelt werden <b>: Unsere Armee muss wieder in der Lage sein, zu k\u00e4mpfen.<\/b> Die Verantwortung daf\u00fcr liegt bei der Politik. Es liegt an uns, die Voraussetzungen f\u00fcr eine kampfbereite Armee zu schaffen. Der Weg dorthin f\u00fchrt \u00fcber die Menschen, die Mittel, das F\u00e4higkeitsprofil und die Finanzen\".<\/p>\n<p class=\"p1\"><b><a href=\"https:\/\/www.udc.ch\/actualites\/publications\/exposes\/une-armee-capable-de-se-battre-doit-etre-solidement-financee\/\" target=\"_blank\" rel=\"noopener\">Sandra Sollberger, Nationalr\u00e4tin und Mitglied der Finanzkommission des Nationalrates (FK-N), Liestal (BL) :<\/a> <\/b><\/p>\n<p class=\"p1\">\"Die Schweizer Armee wurde jahrzehntelang finanziell vernachl\u00e4ssigt. Diese Finanzierungsl\u00fccke muss geschlossen werden. Wir sprechen daher von Nachr\u00fcstung und keinesfalls von Aufr\u00fcstung. Es geht derzeit um <b>nachholen<\/b> die Vers\u00e4umnisse der letzten Jahrzehnte, und nicht um eine echte Einf\u00fchrung. <b>Alles andere ist linke Propaganda. <\/b>Die SVP fordert unter anderem, dass :<\/p>\n<ul class=\"ul1\">\n<li class=\"li1\"><b>Der Armeehaushalt wird bis 2030 auf mindestens 1% des Bruttoinlandsprodukts (BIP) erh\u00f6ht.<\/b> Bei einem BIP von 825 Milliarden Franken bedeutet dies zus\u00e4tzliche 2,5 Milliarden Franken pro Jahr.<\/li>\n<li class=\"li1\"><b>Ausl\u00e4nder mit einer C-Bewilligung zahlen eine Wehrpflichtersatzabgabe.<\/b> Jeder, der in der Schweiz lebt und von unserer Sicherheit profitiert, muss auch zu deren Finanzierung beitragen.\"<\/li>\n<\/ul>\n<p class=\"p1\"><a href=\"https:\/\/www.udc.ch\/actualites\/publications\/exposes\/la-situation-de-la-menace-est-grave-la-suisse-a-besoin-maintenant-dune-strategie-de-defense-globale\/\" target=\"_blank\" rel=\"noopener\"><b>Werner Salzmann, St\u00e4nderat und Mitglied der Sicherheitskommission des St\u00e4nderates (SK-S), M\u00fclchi (BE) : <\/b><\/a><\/p>\n<p class=\"p1\">\"Die Bedrohung ist ernst; die Schweiz braucht nun eine umfassende Verteidigungsstrategie, die auch Ma\u00dfnahmen gegen die unkontrollierte Einwanderung umfassen muss.<b> Drittstaaten und terroristische Gruppen instrumentalisieren die Einwanderung f\u00fcr ihre Zwecke; sie ist l\u00e4ngst zu einem Mittel der Machtpolitik und zu einem Instrument der hybriden Kriegsf\u00fchrung geworden. <\/b>Der einfache Zugang zum Asylverfahren \u00f6ffnet der terroristischen Bedrohung und der ideologischen Unterwanderung T\u00fcr und Tor. Die laxe Asylpolitik unseres Landes gef\u00e4hrdet auch den sozialen Frieden in der Schweiz. Es gibt keinen anderen Ausweg mehr als eine restriktivere Migrationspolitik\".<\/p>\n<p class=\"p1\"><a href=\"https:\/\/www.udc.ch\/actualites\/publications\/exposes\/la-neutralite-un-atout-decisif-pour-la-suisse-dans-un-monde-incertain\/\" target=\"_blank\" rel=\"noopener\"><b>Jean-Luc Addor, Nationalrat und Mitglied der Sicherheitspolitischen Kommission des Nationalrates (SiK-N), Savi\u00e8se (VS) :<\/b><\/a><\/p>\n<p class=\"p1\">\"Die bewaffnete Neutralit\u00e4t ist das wichtigste Sicherheitsprinzip der Schweiz. Sie sch\u00fctzt unser Land - und unsere Bev\u00f6lkerung! - seit \u00fcber 200 Jahren vor ausl\u00e4ndischen Konflikten. Die aktuelle Diffamierung der Neutralit\u00e4t durch Kr\u00e4fte, die einen EU- oder NATO-Beitritt anstreben, darf nicht dazu f\u00fchren, dass dieses historisch bew\u00e4hrte und strategisch wertvolle Konzept leichtfertig untergraben wird<b>. Die Neutralit\u00e4t ist kein Hindernis, sondern ein zentraler Trumpf der Schweiz in einer unsicheren Welt.<\/b> Sie erfordert jedoch eine koh\u00e4rente Politik der Nichteinmischung und vor allem den Willen, unsere eigene Verteidigungsf\u00e4higkeit auf einem glaubw\u00fcrdigen Niveau zu halten.\"<\/p>\n<p class=\"p1\"><b>Die 10 Forderungen der SVP : <\/b><\/p>\n<ul class=\"ul1\">\n<li class=\"li1\">Die SVP fordert den <b>bedingungslose Einhaltung der immerw\u00e4hrenden bewaffneten Neutralit\u00e4t<\/b> <b>und<\/b> <b>lehnt daher jede einseitige Ausrichtung auf die NATO ab<\/b>.<\/li>\n<li class=\"li1\">Die SVP fordert, dass die Sicherheitspolitik auf die bewaffnete und milit\u00e4rische Bedrohung ausgerichtet wird, was Folgendes beinhaltet<b> eine ausger\u00fcstete, ausgebildete und einsatzbereite Armee.<\/b><b><\/b><\/li>\n<li class=\"li1\">Die SVP fordert einen <b>effektiver Nachrichtendienst des Bundes (NDB)<\/b>Die Regierung ist in der Lage, Bedrohungen innerhalb und au\u00dferhalb des Landes schnell zu erkennen und Politiker und Milit\u00e4rs zu beraten, wie sie diesen begegnen k\u00f6nnen.<\/li>\n<li class=\"li1\">Die SVP fordert <b>eine Kontrolle der Einwanderung<\/b>Die Europ\u00e4ische Union muss sich f\u00fcr die Bek\u00e4mpfung von Terrorismus, Spionage und hybriden Konflikten einsetzen, insbesondere f\u00fcr die Beendigung des Asylchaos und die Kontrolle der Grenzen.<\/li>\n<li class=\"li1\">Die SVP ist der Ansicht, dass die <b>Miliz<\/b>Dazu geh\u00f6rt auch, dass sowohl die Armee als auch andere Organisationen, die Verteidigungsaufgaben wahrnehmen, gest\u00e4rkt werden m\u00fcssen.<\/li>\n<li class=\"li1\">Die SVP fordert eine <b>Erh\u00f6hung der Gesamtst\u00e4rke der Armee<\/b> kurzfristig auf mindestens 120'000 und mittelfristig auf mindestens 200'000 Angeh\u00f6rige der Streitkr\u00e4fte. Die Finanzierung muss in jedem Fall sichergestellt werden. F\u00fcr den Zivildienst muss die Gewissenspr\u00fcfung wieder eingef\u00fchrt werden.<\/li>\n<li class=\"li1\">Die SVP fordert eine <b>schnelle Erh\u00f6hung der finanziellen Mittel<\/b> f\u00fcr das Milit\u00e4r zugewiesen, um bis sp\u00e4testens 2030 mindestens 1% des BIP zu erreichen.<\/li>\n<li class=\"li1\">Die SVP fordert <b>die Einf\u00fchrung einer Wehrpflichtersatzabgabe f\u00fcr ausl\u00e4ndische Staatsangeh\u00f6rige.<\/b><b><\/b><\/li>\n<li class=\"li1\">Die SVP erkennt den <b>liberales Waffenrecht<\/b> <b>als ein grundlegendes Element der Schweizer Sicherheitskultur.<\/b> Eine bewaffnete Bev\u00f6lkerung ist Ausdruck des Willens zur Selbstverteidigung und der individuellen Verantwortung.<\/li>\n<li class=\"li1\">Die SVP will den <b>Entwicklung einer florierenden nationalen R\u00fcstungsindustrie<\/b>Das bedeutet, dass die Bundeswehr in der Lage sein muss, die Systeme unserer Armee unabh\u00e4ngig auszur\u00fcsten und zu warten.<\/li>\n<\/ul>","protected":false},"excerpt":{"rendered":"<p>Les conseillers nationaux Michael G\u00f6tte (SG), Jean-Luc Addor (VS), Sandra Sollberger (BL) et le conseiller aux Etats Werner Salzmann (BE), responsables UDC de la politique de s\u00e9curit\u00e9 et des finances, ont pr\u00e9sent\u00e9 lors de la conf\u00e9rence de presse d\u2019aujourd\u2019hui le [&hellip;]<\/p>\n","protected":false},"author":1,"featured_media":0,"comment_status":"","ping_status":"","sticky":false,"template":"","format":"standard","meta":{"footnotes":""},"categories":[60],"tags":[],"class_list":["post-7796","post","type-post","status-publish","format-standard","hentry","category-non-classifiee"],"_links":{"self":[{"href":"https:\/\/judc-fr.ch\/de\/wp-json\/wp\/v2\/posts\/7796","targetHints":{"allow":["GET"]}}],"collection":[{"href":"https:\/\/judc-fr.ch\/de\/wp-json\/wp\/v2\/posts"}],"about":[{"href":"https:\/\/judc-fr.ch\/de\/wp-json\/wp\/v2\/types\/post"}],"author":[{"embeddable":true,"href":"https:\/\/judc-fr.ch\/de\/wp-json\/wp\/v2\/users\/1"}],"replies":[{"embeddable":true,"href":"https:\/\/judc-fr.ch\/de\/wp-json\/wp\/v2\/comments?post=7796"}],"version-history":[{"count":0,"href":"https:\/\/judc-fr.ch\/de\/wp-json\/wp\/v2\/posts\/7796\/revisions"}],"wp:attachment":[{"href":"https:\/\/judc-fr.ch\/de\/wp-json\/wp\/v2\/media?parent=7796"}],"wp:term":[{"taxonomy":"category","embeddable":true,"href":"https:\/\/judc-fr.ch\/de\/wp-json\/wp\/v2\/categories?post=7796"},{"taxonomy":"post_tag","embeddable":true,"href":"https:\/\/judc-fr.ch\/de\/wp-json\/wp\/v2\/tags?post=7796"}],"curies":[{"name":"wp","href":"https:\/\/api.w.org\/{rel}","templated":true}]}}