{"id":7794,"date":"2025-08-03T07:00:13","date_gmt":"2025-08-03T06:00:13","guid":{"rendered":"https:\/\/judc-fr.ch\/2025\/08\/03\/trop-cest-trop-supprimons-enfin-limpot-absurde-sur-la-valeur-locative\/"},"modified":"2025-08-03T07:00:13","modified_gmt":"2025-08-03T06:00:13","slug":"trop-cest-trop-supprimons-enfin-limpot-absurde-sur-la-valeur-locative","status":"publish","type":"post","link":"https:\/\/judc-fr.ch\/de\/2025\/08\/03\/trop-cest-trop-supprimons-enfin-limpot-absurde-sur-la-valeur-locative\/","title":{"rendered":"Zu viel ist zu viel! Schaffen wir endlich die unsinnige Steuer auf den Eigenmietwert ab!"},"content":{"rendered":"<p>Die Schweiz soll das einzige Land der Welt sein, das seine B\u00fcrgerinnen und B\u00fcrger auf ein fiktives Einkommen besteuert. Einem Einkommen, das es nicht gibt. Ein Einkommen, das niemand bezieht. Allein die Tatsache, dass man die Wohnung bewohnt, die man finanziert, unterhalten und teuer erworben hat, wird vom Staat als Bereicherung angesehen. So besteuern die Beh\u00f6rden eifrig Jahr f\u00fcr Jahr.<\/p>\n<p>Dieses absurde System, eine sozialistische Vision der Besteuerung, bestraft diejenigen, die den Weg des Verantwortungsbewusstseins gew\u00e4hlt haben. Familien, junge Paare, Rentner, die ihre Hypothek abbezahlt haben: Sie alle m\u00fcssen weiterhin f\u00fcr ein Pseudo-Einkommen zahlen, das sie nicht erhalten. Eine inakzeptable Doppelbestrafung.<\/p>\n<p><b>Eine Steuerungerechtigkeit, die weltweit ihresgleichen sucht<br \/>\n<\/b>In einem Umfeld, in dem die Mieten explodieren und die Kaufkraft sinkt, wird die Mittelschicht - die S\u00e4ule unseres Landes - durch die Besteuerung erdrosselt. Unser System ist weit davon entfernt, den Erwerb von Wohneigentum zu f\u00f6rdern, sondern entmutigt ihn. Sparen wird bestraft, Vorsorge abgeschreckt.<\/p>\n<p>Der Traum vom Eigenheim wird f\u00fcr viele Schweizerinnen und Schweizer immer unerreichbarer. Hinzu kommt diese Absurdit\u00e4t des Eigenmietwerts, die manche sogar dazu bringt, ihre Immobilie zu verkaufen oder sich neu zu verschulden. Diejenigen, die arbeiten, sparen und in ihre Zukunft investieren, werden als Privilegierte gesehen - und als solche bestraft. Ist das Steuergerechtigkeit? Ist das die Anerkennung von Verdienst und Arbeit?<\/p>\n<p><b>Eine dringende Reform, ein starkes Signal<br \/>\n<\/b>Die Volksinitiative zur Abschaffung des Eigenmietwerts ist ein Rettungsanker f\u00fcr Zehntausende von B\u00fcrgern. Sie verk\u00f6rpert eine Forderung nach Gerechtigkeit, Koh\u00e4renz und Respekt. Es ist an der Zeit, den gesunden Menschenverstand wieder in den Mittelpunkt unseres Steuerwesens zu stellen. Es ist an der Zeit, diesem Irrweg, der das Vertrauen der B\u00fcrger in den Staat zerst\u00f6rt, Einhalt zu gebieten.<\/p>\n<p>Die Abschaffung des Eigenmietwerts bedeutet, den Eigent\u00fcmern ihre Freiheit zur\u00fcckzugeben. Es bedeutet, die Vorsorge zu f\u00f6rdern. Es bedeutet, dass die Jugend von einem Eigenheim tr\u00e4umen kann, unsere Senioren in W\u00fcrde leben k\u00f6nnen und unsere Familien aufatmen k\u00f6nnen.<\/p>\n<p>Diese sch\u00e4ndliche Steuer hat zu lange gedauert. Am 28. September hat das Schweizer Volk die Gelegenheit, eine neue Seite der Steuergerechtigkeit zu schreiben. Lehnen wir diese Politik der Bestrafung ab. Wehren wir uns dagegen, dass der Staat unsere Mauern, unsere D\u00e4cher und einmal mehr unsere Anstrengungen besteuert.<\/p>\n<p>Machen wir mobil! Sagen wir JA zur Initiative zur Abschaffung des Eigenmietwerts, zur Steuergerechtigkeit, zum gesunden Menschenverstand und zu einer Schweiz, die Arbeit und Verantwortung belohnt. Lassen Sie uns gemeinsam diese unn\u00f6tige Steuer zu Fall bringen.<\/p>","protected":false},"excerpt":{"rendered":"<p>La Suisse doit \u00eatre le seul pays au monde \u00e0 imposer ses citoyens sur un revenu fictif. Un revenu qui n\u2019existe pas. Un revenu que personne ne touche. Le simple fait d\u2019occuper le logement que l\u2019on a financ\u00e9, entretenu et [&hellip;]<\/p>\n","protected":false},"author":1,"featured_media":0,"comment_status":"","ping_status":"","sticky":false,"template":"","format":"standard","meta":{"footnotes":""},"categories":[60],"tags":[],"class_list":["post-7794","post","type-post","status-publish","format-standard","hentry","category-non-classifiee"],"_links":{"self":[{"href":"https:\/\/judc-fr.ch\/de\/wp-json\/wp\/v2\/posts\/7794","targetHints":{"allow":["GET"]}}],"collection":[{"href":"https:\/\/judc-fr.ch\/de\/wp-json\/wp\/v2\/posts"}],"about":[{"href":"https:\/\/judc-fr.ch\/de\/wp-json\/wp\/v2\/types\/post"}],"author":[{"embeddable":true,"href":"https:\/\/judc-fr.ch\/de\/wp-json\/wp\/v2\/users\/1"}],"replies":[{"embeddable":true,"href":"https:\/\/judc-fr.ch\/de\/wp-json\/wp\/v2\/comments?post=7794"}],"version-history":[{"count":0,"href":"https:\/\/judc-fr.ch\/de\/wp-json\/wp\/v2\/posts\/7794\/revisions"}],"wp:attachment":[{"href":"https:\/\/judc-fr.ch\/de\/wp-json\/wp\/v2\/media?parent=7794"}],"wp:term":[{"taxonomy":"category","embeddable":true,"href":"https:\/\/judc-fr.ch\/de\/wp-json\/wp\/v2\/categories?post=7794"},{"taxonomy":"post_tag","embeddable":true,"href":"https:\/\/judc-fr.ch\/de\/wp-json\/wp\/v2\/tags?post=7794"}],"curies":[{"name":"wp","href":"https:\/\/api.w.org\/{rel}","templated":true}]}}