{"id":7735,"date":"2025-07-28T07:52:42","date_gmt":"2025-07-28T06:52:42","guid":{"rendered":"https:\/\/judc-fr.ch\/2025\/07\/28\/violences-conjugales-quand-les-loups-tuent\/"},"modified":"2025-07-28T07:52:42","modified_gmt":"2025-07-28T06:52:42","slug":"violences-conjugales-quand-les-loups-tuent","status":"publish","type":"post","link":"https:\/\/judc-fr.ch\/de\/2025\/07\/28\/violences-conjugales-quand-les-loups-tuent\/","title":{"rendered":"H\u00e4usliche Gewalt: Wenn die W\u00f6lfe t\u00f6ten"},"content":{"rendered":"<p>Ja, in der Schweiz sterben Frauen unter den Schl\u00e4gen von M\u00e4nnern, die wir im Namen unserer humanit\u00e4ren Politik oder aufgrund unserer liberalen Werte aufgenommen haben. M\u00e4nner, die unsere Kultur nicht akzeptieren, die weder unsere Gesetze noch unsere Frauen respektieren. Importierte patriarchale Gewalt, die sich hinter der Maske des Multikulturalismus verbirgt und die bei der geringsten Frage nach ihrem Verhalten von viktimistischen und antirassistischen Posen profitiert. Da sie nicht wissen, was sie tun sollen, w\u00e4hrend sich die Opfer h\u00e4ufen, schaut der Staat weg.<\/p>\n<p>Dann stelle ich die Frage: Wo ist die Ausweisung krimineller Ausl\u00e4nder, die 2010 vom Volk beschlossen wurde? Wo ist die von den Schweizern 2014 verlangte R\u00fccknahme der Einwanderung? Wo sind die Ma\u00dfnahmen zum Schutz unserer Frauen vor den Wolfshorden, die zu Tausenden unter dem Deckmantel des Asyls einreisten?<\/p>\n<p><strong>3 Frauen \u00fcberfallen, 3 Angreifer mit Migrationshintergrund<br \/>\n<\/strong>Man wirft uns vor, zu \u00fcbertreiben und zu stigmatisieren. Aber wer l\u00fcgt: die, die warnen, oder die, die schweigen? Drei \u00dcbergriffe in der Ehe, drei ausl\u00e4ndische T\u00e4ter. Das sind keine Zuf\u00e4lle, sondern die Folgen einer organisierten, angenommenen und ideologisierten laxen Migrationspolitik.<\/p>\n<p>Ich bin eine Frau. Ich bin eine gew\u00e4hlte Volksvertreterin. Und ich bin emp\u00f6rt. Denn die Schweiz sch\u00fctzt die Verletzlichsten nicht mehr. Sie entschuldigt die Henker, toleriert die Drohungen und verr\u00e4t die Opfer. Nach dem Vorbild der W\u00f6lfe, deren Wiederansiedlung in unserem Land trotz ihrer Gef\u00e4hrlichkeit mit der Begr\u00fcndung geduldet wurde, dass ein Zusammenleben m\u00f6glich und erw\u00fcnscht sei, wird aus denselben Gr\u00fcnden die Einfuhr ausl\u00e4ndischer Kriminalit\u00e4t geduldet. Im zweiten Fall sind es jedoch keine Schafe, die die Beh\u00f6rden mit durchgeschnittener Kehle finden, sondern Frauen!<\/p>\n<p><strong>Die Angst muss die Seite wechseln!<br \/>\n<\/strong>Es ist an der Zeit, das Ruder herumzurei\u00dfen. Die Schweiz muss wieder ein sicheres Land werden. F\u00fcr ihre B\u00fcrgerinnen und B\u00fcrger. F\u00fcr ihre Kinder. Und vor allem f\u00fcr seine Frauen. Das geht nur mit harten Gesetzen, mutigen Richtern, aber vor allem mit der Wiedereinf\u00fchrung echter Grenzkontrollen. Es sind die W\u00f6lfe, die Angst haben m\u00fcssen, nicht die Frauen!<\/p>\n<p>Vor fast 30 Jahren warnte die SVP bereits: Laxheit an unseren Grenzen und in der Asylpolitik w\u00fcrde der wachsenden Kriminalit\u00e4t T\u00fcr und Tor \u00f6ffnen. Heute geben ihr die Fakten auf tragische Weise Recht. Genug der Naivit\u00e4t. Genug der Blindheit. Es ist an der Zeit, unser Land zu sch\u00fctzen. Angefangen bei den Frauen. Und denjenigen, die darin in Respekt leben.<\/p>\n<p><strong>Handeln Sie jetzt, um alle Opfer von kriminellen Einwanderern zu sch\u00fctzen : <\/strong><a href=\"https:\/\/initiative-stop-abus-asile.ch\/\"><strong>unterzeichnen Sie jetzt die Initiative zum Schutz der Grenzen.<\/strong><\/a><\/p>","protected":false},"excerpt":{"rendered":"<p>Oui, en Suisse, des femmes meurent sous les coups d\u2019hommes que nous avons accueillis au nom de notre politique humanitaire ou en vertu de nos valeurs lib\u00e9rales. Des hommes qui n\u2019acceptent pas notre culture, qui ne respectent ni nos lois, [&hellip;]<\/p>\n","protected":false},"author":1,"featured_media":0,"comment_status":"","ping_status":"","sticky":false,"template":"","format":"standard","meta":{"footnotes":""},"categories":[60],"tags":[],"class_list":["post-7735","post","type-post","status-publish","format-standard","hentry","category-non-classifiee"],"_links":{"self":[{"href":"https:\/\/judc-fr.ch\/de\/wp-json\/wp\/v2\/posts\/7735","targetHints":{"allow":["GET"]}}],"collection":[{"href":"https:\/\/judc-fr.ch\/de\/wp-json\/wp\/v2\/posts"}],"about":[{"href":"https:\/\/judc-fr.ch\/de\/wp-json\/wp\/v2\/types\/post"}],"author":[{"embeddable":true,"href":"https:\/\/judc-fr.ch\/de\/wp-json\/wp\/v2\/users\/1"}],"replies":[{"embeddable":true,"href":"https:\/\/judc-fr.ch\/de\/wp-json\/wp\/v2\/comments?post=7735"}],"version-history":[{"count":0,"href":"https:\/\/judc-fr.ch\/de\/wp-json\/wp\/v2\/posts\/7735\/revisions"}],"wp:attachment":[{"href":"https:\/\/judc-fr.ch\/de\/wp-json\/wp\/v2\/media?parent=7735"}],"wp:term":[{"taxonomy":"category","embeddable":true,"href":"https:\/\/judc-fr.ch\/de\/wp-json\/wp\/v2\/categories?post=7735"},{"taxonomy":"post_tag","embeddable":true,"href":"https:\/\/judc-fr.ch\/de\/wp-json\/wp\/v2\/tags?post=7735"}],"curies":[{"name":"wp","href":"https:\/\/api.w.org\/{rel}","templated":true}]}}