{"id":7702,"date":"2025-07-25T07:00:01","date_gmt":"2025-07-25T06:00:01","guid":{"rendered":"https:\/\/judc-fr.ch\/2025\/07\/25\/non-a-la-tutelle-de-bruxelles-laccord-cadre-qui-vassalise-la-suisse\/"},"modified":"2025-07-25T07:00:01","modified_gmt":"2025-07-25T06:00:01","slug":"non-a-la-tutelle-de-bruxelles-laccord-cadre-qui-vassalise-la-suisse","status":"publish","type":"post","link":"https:\/\/judc-fr.ch\/de\/2025\/07\/25\/non-a-la-tutelle-de-bruxelles-laccord-cadre-qui-vassalise-la-suisse\/","title":{"rendered":"Nein zur Bevormundung durch Br\u00fcssel: Das Rahmenabkommen, das die Schweiz vasallisiert"},"content":{"rendered":"<p>Dieses sogenannte \"Paket bilateraler Abkommen\" ist nichts anderes als eine abgeschw\u00e4chte (und noch hinterh\u00e4ltigere) Version des institutionellen Rahmenabkommens, das 2021 vom Bundesrat aufgegeben wird. Tats\u00e4chlich handelt es sich nicht mehr um ein bilaterales Abkommen, wie man uns glauben zu machen versucht, sondern um einen echten EU-Beitrittsvertrag. Wer dieses Rahmenabkommen unterst\u00fctzt, schickt die Schweiz direkt in die Europ\u00e4ische Union.<\/p>\n<p><strong>Eine automatische Anpassung an das EU-Recht, zum Nachteil unserer direkten Demokratie<br \/>\n<\/strong>Hinter technokratischen Formulierungen bedeutet dieses Abkommen die automatische Anpassung unseres Rechts an das der EU, die Unterwerfung unter den Gerichtshof der Europ\u00e4ischen Union und die obligatorische \u00dcbernahme von EU-Richtlinien in entscheidenden Bereichen. Mit anderen Worten: ein klarer Verlust an Souver\u00e4nit\u00e4t.<\/p>\n<p>Dieses Projekt sieht unter anderem Folgendes vor:<\/p>\n<ul>\n<li>ein Stromabkommen, das uns von der katastrophalen Energiepolitik Br\u00fcssels abh\u00e4ngig machen und den Tod der Talsperre besiegeln w\u00fcrde;<\/li>\n<li>ein Abkommen \u00fcber Lebensmittelsicherheit, das unsere Grenzen noch weiter f\u00fcr ausl\u00e4ndische Standards \u00f6ffnen w\u00fcrde;<\/li>\n<li>einen Streitschlichtungsmechanismus, bei dem das letzte Wort letztendlich bei der EU liegen w\u00fcrde.<\/li>\n<\/ul>\n<p>Und um die Pille zu vers\u00fc\u00dfen, wagen es mehrere Bef\u00fcrworter dieses Abkommens, Begriffe wie \"strukturierter sozialer Dialog\" zu verwenden und von flankierenden Ma\u00dfnahmen zum Schutz unserer L\u00f6hne zu sprechen. In der Praxis werden die Schweizer Arbeitnehmer die Rechnung bezahlen, indem sie mehr Druck auf die L\u00f6hne aus\u00fcben, die Masseneinwanderung erleichtern und das Arbeitsrecht schw\u00e4chen.<\/p>\n<p><strong>Der Bundesrat will unsere Souver\u00e4nit\u00e4t gegen den Willen des Volkes an Br\u00fcssel ausliefern<br \/>\n<\/strong>Man darf sich nicht t\u00e4uschen lassen: Die EU will die Schweiz zu einem Vasallenstaat, einem institutionellen Satelliten, einem gef\u00fcgigen Lieferanten von Energie, Wohlstand und billigen Arbeitskr\u00e4ften machen. Und die europhilen Parteien im Bundesrat sind bereit, unsere direkte Demokratie und unsere Neutralit\u00e4t f\u00fcr einen Sitz am Tisch in Br\u00fcssel zu opfern.<\/p>\n<p>Die SVP lehnt dies entschieden ab. Die Schweiz braucht dieses Rahmenabkommen nicht. Wir haben unseren Wohlstand aufgebaut, ohne Mitglied der Union zu sein, indem wir unabh\u00e4ngig, frei und souver\u00e4n geblieben sind. Jetzt ist nicht die Zeit, dieses weltweit einzigartige Modell auf dem Altar technokratischer Unterwerfung zu verscherbeln.<\/p>","protected":false},"excerpt":{"rendered":"<p>Ce pr\u00e9tendu \u00ab\u00a0paquet d\u2019accords bilat\u00e9raux\u00a0\u00bb n\u2019est rien d\u2019autre qu\u2019une version \u00e9dulcor\u00e9e (et encore plus sournoise) de l\u2019accord-cadre institutionnel abandonn\u00e9 en 2021 par le Conseil f\u00e9d\u00e9ral. En fait, il ne s\u2019agit plus d\u2019un accord bilat\u00e9ral, comme on tente de le faire [&hellip;]<\/p>\n","protected":false},"author":1,"featured_media":0,"comment_status":"","ping_status":"","sticky":false,"template":"","format":"standard","meta":{"footnotes":""},"categories":[60],"tags":[],"class_list":["post-7702","post","type-post","status-publish","format-standard","hentry","category-non-classifiee"],"_links":{"self":[{"href":"https:\/\/judc-fr.ch\/de\/wp-json\/wp\/v2\/posts\/7702","targetHints":{"allow":["GET"]}}],"collection":[{"href":"https:\/\/judc-fr.ch\/de\/wp-json\/wp\/v2\/posts"}],"about":[{"href":"https:\/\/judc-fr.ch\/de\/wp-json\/wp\/v2\/types\/post"}],"author":[{"embeddable":true,"href":"https:\/\/judc-fr.ch\/de\/wp-json\/wp\/v2\/users\/1"}],"replies":[{"embeddable":true,"href":"https:\/\/judc-fr.ch\/de\/wp-json\/wp\/v2\/comments?post=7702"}],"version-history":[{"count":0,"href":"https:\/\/judc-fr.ch\/de\/wp-json\/wp\/v2\/posts\/7702\/revisions"}],"wp:attachment":[{"href":"https:\/\/judc-fr.ch\/de\/wp-json\/wp\/v2\/media?parent=7702"}],"wp:term":[{"taxonomy":"category","embeddable":true,"href":"https:\/\/judc-fr.ch\/de\/wp-json\/wp\/v2\/categories?post=7702"},{"taxonomy":"post_tag","embeddable":true,"href":"https:\/\/judc-fr.ch\/de\/wp-json\/wp\/v2\/tags?post=7702"}],"curies":[{"name":"wp","href":"https:\/\/api.w.org\/{rel}","templated":true}]}}